{"id":43961,"date":"2023-12-20T04:51:16","date_gmt":"2023-12-20T10:51:16","guid":{"rendered":"https:\/\/elinformante.mx\/?p=43961"},"modified":"2023-12-20T04:51:17","modified_gmt":"2023-12-20T10:51:17","slug":"trabajo-conjunto-dara-mayor-acceso-a-la-justicia-y-combate-a-la-corrupcion-delfina-gomez-alvarez","status":"publish","type":"post","link":"https:\/\/elinformante.mx\/?p=43961","title":{"rendered":"Trabajo conjunto dar\u00e1 mayor acceso a la justicia y combate a la corrupci\u00f3n: Delfina G\u00f3mez \u00c1lvarez"},"content":{"rendered":"\n<blockquote class=\"wp-block-quote is-layout-flow wp-block-quote-is-layout-flow\">\n<p>La Gobernadora acompa\u00f1\u00f3 a Ricardo Sodi Cuellar, Presidente del Tribunal Superior de Justicia y del Consejo de la Judicatura del Poder Judicial del Estado de M\u00e9xico, en su Cuarto Informe de Desarrollo Estrat\u00e9gico.<\/p>\n<\/blockquote>\n\n\n\n<p>Al asistir al Cuarto Informe de Desarrollo Estrat\u00e9gico, de Ricardo Sodi Cuellar, Presidente del Tribunal Superior de Justicia y del Consejo de la Judicatura del Poder Judicial del Estado de M\u00e9xico, la Gobernadora Delfina G\u00f3mez \u00c1lvarez manifest\u00f3 que su gobierno trabajar\u00e1 de manera conjunta con los diferentes \u00f3rdenes de gobierno con la finalidad de brindarle al pueblo mexiquense un mayor acceso a la justicia y combatir la corrupci\u00f3n.<br><\/p>\n\n\n\n<p>La Titular del Ejecutivo estatal se\u00f1al\u00f3 desde el Gobierno del Estado de M\u00e9xico se apoyar\u00e1 a cada una de las acciones encaminadas a mejorar el acceso a la justicia.<br><\/p>\n\n\n\n<p>La Gobernadora mexiquense destac\u00f3 algunos logros del Poder Judicial como su Plan Rector, que encamina la implementaci\u00f3n del C\u00f3digo Nacional de Procedimientos Civiles y Familiares, as\u00ed como la puesta en marcha de la Sala de Asuntos Ind\u00edgenas, la cual, dijo, representa un paso adelante hacia el respeto y la inclusi\u00f3n de las comunidades originarias, as\u00ed como las cuestiones en materia laboral, medio ambiente y de amnist\u00eda, acciones que tambi\u00e9n reflejan su compromiso con el progreso, el bienestar y la justicia del pueblo.<br><\/p>\n\n\n\n<p>La Maestra Delfina G\u00f3mez \u00c1lvarez tambi\u00e9n reconoci\u00f3 el trabajo que realizan quienes integran al Poder Judicial de la entidad quienes, indic\u00f3, comparten la responsabilidad con el Ejecutivo estatal de garantizar el cumplimiento de las leyes de manera justa y efectiva.<br><\/p>\n\n\n\n<figure class=\"wp-block-image size-large\"><img fetchpriority=\"high\" decoding=\"async\" width=\"1024\" height=\"503\" src=\"https:\/\/elinformante.mx\/wp-content\/uploads\/2023\/12\/TRABAJO-CONJUNTO-3-1024x503.jpg\" alt=\"\" class=\"wp-image-43963\" srcset=\"https:\/\/elinformante.mx\/wp-content\/uploads\/2023\/12\/TRABAJO-CONJUNTO-3-1024x503.jpg 1024w, https:\/\/elinformante.mx\/wp-content\/uploads\/2023\/12\/TRABAJO-CONJUNTO-3-300x147.jpg 300w, https:\/\/elinformante.mx\/wp-content\/uploads\/2023\/12\/TRABAJO-CONJUNTO-3-768x377.jpg 768w, https:\/\/elinformante.mx\/wp-content\/uploads\/2023\/12\/TRABAJO-CONJUNTO-3-580x285.jpg 580w, https:\/\/elinformante.mx\/wp-content\/uploads\/2023\/12\/TRABAJO-CONJUNTO-3-860x422.jpg 860w, https:\/\/elinformante.mx\/wp-content\/uploads\/2023\/12\/TRABAJO-CONJUNTO-3.jpg 1140w\" sizes=\"(max-width: 1024px) 100vw, 1024px\" \/><\/figure>\n\n\n\n<p>En este sentido, puntualiz\u00f3 que la administraci\u00f3n estatal cuenta con una estrategia integral en materia de seguridad, la cual pone \u00e9nfasis en la prevenci\u00f3n del delito, adem\u00e1s de tener una mayor coordinaci\u00f3n y cooperaci\u00f3n entre las autoridades de seguridad y los encargados de impartir justicia.<br><\/p>\n\n\n\n<p>Esto, subray\u00f3, permitir\u00e1 construir un Estado de M\u00e9xico m\u00e1s seguro y justo para las y los mexiquenses, porque la justicia es un pilar en la construcci\u00f3n de una sociedad m\u00e1s equitativa.<br><\/p>\n\n\n\n<p>Por su parte, Ricardo Sodi Cuellar, Presidente del Tribunal Superior de Justicia y del Consejo de la Judicatura del Estado de M\u00e9xico refiri\u00f3 que en la entidad los diferentes Poderes del Estado trabajan de la mano para implementar pol\u00edticas p\u00fablicas que permitan avanzar en la impartici\u00f3n de una justicia pronta y de calidad.<br><\/p>\n\n\n\n<p>Asimismo, refiri\u00f3 que la Gobernadora Delfina G\u00f3mez \u00c1lvarez mantiene un liderazgo social y una gran disposici\u00f3n para mantener un trabajo coordinado que favorezca a las causas sociales y a los mexiquenses; en este sentido, refrend\u00f3 el compromiso de seguir colaborando, de manera interinstitucional con los diferentes Poderes, siempre en beneficio de la ciudadan\u00eda.<\/p>\n\n\n\n<figure class=\"wp-block-image size-large\"><img decoding=\"async\" width=\"1024\" height=\"503\" src=\"https:\/\/elinformante.mx\/wp-content\/uploads\/2023\/12\/TRABAJO-CONJUNTO-1024x503.jpg\" alt=\"\" class=\"wp-image-43964\" srcset=\"https:\/\/elinformante.mx\/wp-content\/uploads\/2023\/12\/TRABAJO-CONJUNTO-1024x503.jpg 1024w, https:\/\/elinformante.mx\/wp-content\/uploads\/2023\/12\/TRABAJO-CONJUNTO-300x147.jpg 300w, https:\/\/elinformante.mx\/wp-content\/uploads\/2023\/12\/TRABAJO-CONJUNTO-768x377.jpg 768w, https:\/\/elinformante.mx\/wp-content\/uploads\/2023\/12\/TRABAJO-CONJUNTO-580x285.jpg 580w, https:\/\/elinformante.mx\/wp-content\/uploads\/2023\/12\/TRABAJO-CONJUNTO-860x422.jpg 860w, https:\/\/elinformante.mx\/wp-content\/uploads\/2023\/12\/TRABAJO-CONJUNTO.jpg 1140w\" sizes=\"(max-width: 1024px) 100vw, 1024px\" \/><\/figure>\n","protected":false},"excerpt":{"rendered":"<p>La Gobernadora acompa\u00f1\u00f3 a Ricardo Sodi Cuellar, Presidente del Tribunal Superior de Justicia y del Consejo de la Judicatura del Poder Judicial del Estado de M\u00e9xico, en su Cuarto Informe de Desarrollo Estrat\u00e9gico. Al asistir al Cuarto Informe de Desarrollo Estrat\u00e9gico, de Ricardo Sodi Cuellar, Presidente del Tribunal Superior de Justicia y del Consejo de [&hellip;]<\/p>\n","protected":false},"author":1,"featured_media":43962,"comment_status":"closed","ping_status":"closed","sticky":false,"template":"","format":"standard","meta":{"footnotes":""},"categories":[30,36],"tags":[],"class_list":["post-43961","post","type-post","status-publish","format-standard","has-post-thumbnail","hentry","category-destacado","category-edomex"],"_links":{"self":[{"href":"https:\/\/elinformante.mx\/index.php?rest_route=\/wp\/v2\/posts\/43961","targetHints":{"allow":["GET"]}}],"collection":[{"href":"https:\/\/elinformante.mx\/index.php?rest_route=\/wp\/v2\/posts"}],"about":[{"href":"https:\/\/elinformante.mx\/index.php?rest_route=\/wp\/v2\/types\/post"}],"author":[{"embeddable":true,"href":"https:\/\/elinformante.mx\/index.php?rest_route=\/wp\/v2\/users\/1"}],"replies":[{"embeddable":true,"href":"https:\/\/elinformante.mx\/index.php?rest_route=%2Fwp%2Fv2%2Fcomments&post=43961"}],"version-history":[{"count":0,"href":"https:\/\/elinformante.mx\/index.php?rest_route=\/wp\/v2\/posts\/43961\/revisions"}],"wp:featuredmedia":[{"embeddable":true,"href":"https:\/\/elinformante.mx\/index.php?rest_route=\/wp\/v2\/media\/43962"}],"wp:attachment":[{"href":"https:\/\/elinformante.mx\/index.php?rest_route=%2Fwp%2Fv2%2Fmedia&parent=43961"}],"wp:term":[{"taxonomy":"category","embeddable":true,"href":"https:\/\/elinformante.mx\/index.php?rest_route=%2Fwp%2Fv2%2Fcategories&post=43961"},{"taxonomy":"post_tag","embeddable":true,"href":"https:\/\/elinformante.mx\/index.php?rest_route=%2Fwp%2Fv2%2Ftags&post=43961"}],"curies":[{"name":"wp","href":"https:\/\/api.w.org\/{rel}","templated":true}]}}