{"id":43967,"date":"2023-12-20T04:59:37","date_gmt":"2023-12-20T10:59:37","guid":{"rendered":"https:\/\/elinformante.mx\/?p=43967"},"modified":"2023-12-20T04:59:38","modified_gmt":"2023-12-20T10:59:38","slug":"sandra-cuevas-da-pavos-a-policias-de-la-cuauhtemoc","status":"publish","type":"post","link":"https:\/\/elinformante.mx\/?p=43967","title":{"rendered":"Sandra Cuevas da pavos a polic\u00edas de la Cuauht\u00e9moc"},"content":{"rendered":"\n<blockquote class=\"wp-block-quote is-layout-flow wp-block-quote-is-layout-flow\">\n<p>La alcaldesa de Cuauht\u00e9moc lo hizo para agradecer la entrega y el trabajo que desarrollan d\u00eda a d\u00eda.<\/p>\n<\/blockquote>\n\n\n\n<p>Como una forma de reconocer la labor de los elementos de la polic\u00eda de la alcald\u00eda Cuauht\u00e9moc, Sandra Cuevas Nieves, encargada de esta demarcaci\u00f3n, les entreg\u00f3 un pavo a cada uno de los oficiales de la Direcci\u00f3n de Seguridad Ciudadana y Protecci\u00f3n Civil.<br><\/p>\n\n\n\n<p>En un comunicado, la alcaldesa indic\u00f3 que esto se realiz\u00f3 para destacar el esfuerzo de los uniformados en apego al cumplimiento de su deber y porque d\u00eda a d\u00eda ponen en riesgo su vida al salir a las calles a garantizar la paz de los habitantes de la alcald\u00eda.<br><\/p>\n\n\n\n<figure class=\"wp-block-image size-large\"><img fetchpriority=\"high\" decoding=\"async\" width=\"1024\" height=\"503\" src=\"https:\/\/elinformante.mx\/wp-content\/uploads\/2023\/12\/SANDRA-CUEVAS-2-1024x503.jpg\" alt=\"\" class=\"wp-image-43969\" srcset=\"https:\/\/elinformante.mx\/wp-content\/uploads\/2023\/12\/SANDRA-CUEVAS-2-1024x503.jpg 1024w, https:\/\/elinformante.mx\/wp-content\/uploads\/2023\/12\/SANDRA-CUEVAS-2-300x147.jpg 300w, https:\/\/elinformante.mx\/wp-content\/uploads\/2023\/12\/SANDRA-CUEVAS-2-768x377.jpg 768w, https:\/\/elinformante.mx\/wp-content\/uploads\/2023\/12\/SANDRA-CUEVAS-2-580x285.jpg 580w, https:\/\/elinformante.mx\/wp-content\/uploads\/2023\/12\/SANDRA-CUEVAS-2-860x422.jpg 860w, https:\/\/elinformante.mx\/wp-content\/uploads\/2023\/12\/SANDRA-CUEVAS-2.jpg 1140w\" sizes=\"(max-width: 1024px) 100vw, 1024px\" \/><\/figure>\n\n\n\n<p>Cuevas Nieves aprovech\u00f3 el evento donde dio este alimento, para desearles feliz Navidad y pr\u00f3spero A\u00f1o Nuevo a todos los elementos de seguridad p\u00fablica que cuidan la demarcaci\u00f3n.<br><\/p>\n\n\n\n<p>Durante el acto, Cuevas Nieves pidi\u00f3 a los polic\u00edas continuar con su trabajo \u201ccon el mismo entusiasmo y hacerlo bien, porque solo se vive una vez\u201d, apunt\u00f3 el texto.<\/p>\n","protected":false},"excerpt":{"rendered":"<p>La alcaldesa de Cuauht\u00e9moc lo hizo para agradecer la entrega y el trabajo que desarrollan d\u00eda a d\u00eda. Como una forma de reconocer la labor de los elementos de la polic\u00eda de la alcald\u00eda Cuauht\u00e9moc, Sandra Cuevas Nieves, encargada de esta demarcaci\u00f3n, les entreg\u00f3 un pavo a cada uno de los oficiales de la Direcci\u00f3n [&hellip;]<\/p>\n","protected":false},"author":1,"featured_media":43968,"comment_status":"closed","ping_status":"closed","sticky":false,"template":"","format":"standard","meta":{"footnotes":""},"categories":[35],"tags":[],"class_list":["post-43967","post","type-post","status-publish","format-standard","has-post-thumbnail","hentry","category-cdmx"],"_links":{"self":[{"href":"https:\/\/elinformante.mx\/index.php?rest_route=\/wp\/v2\/posts\/43967","targetHints":{"allow":["GET"]}}],"collection":[{"href":"https:\/\/elinformante.mx\/index.php?rest_route=\/wp\/v2\/posts"}],"about":[{"href":"https:\/\/elinformante.mx\/index.php?rest_route=\/wp\/v2\/types\/post"}],"author":[{"embeddable":true,"href":"https:\/\/elinformante.mx\/index.php?rest_route=\/wp\/v2\/users\/1"}],"replies":[{"embeddable":true,"href":"https:\/\/elinformante.mx\/index.php?rest_route=%2Fwp%2Fv2%2Fcomments&post=43967"}],"version-history":[{"count":0,"href":"https:\/\/elinformante.mx\/index.php?rest_route=\/wp\/v2\/posts\/43967\/revisions"}],"wp:featuredmedia":[{"embeddable":true,"href":"https:\/\/elinformante.mx\/index.php?rest_route=\/wp\/v2\/media\/43968"}],"wp:attachment":[{"href":"https:\/\/elinformante.mx\/index.php?rest_route=%2Fwp%2Fv2%2Fmedia&parent=43967"}],"wp:term":[{"taxonomy":"category","embeddable":true,"href":"https:\/\/elinformante.mx\/index.php?rest_route=%2Fwp%2Fv2%2Fcategories&post=43967"},{"taxonomy":"post_tag","embeddable":true,"href":"https:\/\/elinformante.mx\/index.php?rest_route=%2Fwp%2Fv2%2Ftags&post=43967"}],"curies":[{"name":"wp","href":"https:\/\/api.w.org\/{rel}","templated":true}]}}