{"id":43977,"date":"2023-12-20T05:05:33","date_gmt":"2023-12-20T11:05:33","guid":{"rendered":"https:\/\/elinformante.mx\/?p=43977"},"modified":"2023-12-20T05:05:34","modified_gmt":"2023-12-20T11:05:34","slug":"acapulco-lejos-del-glamour-se-convierte-en-el-camarena","status":"publish","type":"post","link":"https:\/\/elinformante.mx\/?p=43977","title":{"rendered":"Acapulco, lejos del glamour, se convierte en el \u201cCamarena\u201d"},"content":{"rendered":"\n<blockquote class=\"wp-block-quote is-layout-flow wp-block-quote-is-layout-flow\">\n<p>Prestadores de servicios est\u00e1n a favor de que turistas instalen sus tiendas de campa\u00f1a para reactivar la econom\u00eda de Acapulco.<\/p>\n<\/blockquote>\n\n\n\n<p>A pesar de no estar autorizado el uso del \u201cCamarena\u201d para esta temporada de vacaciones por las autoridades de gobierno, prestadores de servicios tur\u00edsticos y comerciantes de la zona federal, respaldaron que turistas nacionales puedan pernoctar en la zona de playa durante los d\u00edas de asueto.<br><\/p>\n\n\n\n<p>Indicaron que las autoridades, no deber\u00edan cerrar esta posibilidad a los turistas que lleguen al puerto, debido a que, en Acapulco, no se tiene una estructura de cuartos de hoteles funcionando al 100 por ciento, debido a los da\u00f1os que dej\u00f3 en la industria sin chimeneas el fen\u00f3meno meteorol\u00f3gico de hace m\u00e1s de un mes.<br><\/p>\n\n\n\n<p>El uso de la zona de playa para los turistas en esta temporada de asueto, estar\u00eda reactivando la econom\u00eda de m\u00e1s de cinco mil comerciantes de las playas y unos tres mil 500 prestadores de servicios tur\u00edsticos.<br><\/p>\n\n\n\n<p>El puerto de Acapulco tiene una extensi\u00f3n de acuerdo con las propias autoridades de poco m\u00e1s de 12 kil\u00f3metros de playa, por lo que se podr\u00eda contar con una considerable zona para que turistas nacionales puedan acampar con sus casas de campa\u00f1a en este periodo de vacaciones de fin de a\u00f1o que inicio de manera oficial este lunes 18 de diciembre y concluye hasta el 7 de enero del 2024.<br><\/p>\n\n\n\n<p>Arturo Estrada Mart\u00ednez, prestador de servicios tur\u00edsticos en playa Golfito, dijo que el uso del \u201cCamarena\u201d, no se debe de ver como una situaci\u00f3n de mala imagen en estos momentos, sino como una medida que ayudar\u00eda mucho a la reactivaci\u00f3n econ\u00f3mica y tur\u00edstica del puerto, no hay hoteles suficientes, no hay cuartos listos para recibir a las visitantes y se les debe de dar una opci\u00f3n para que lleguen al puerto a disfrutar de las vacaciones\u201d, dijo.<br><\/p>\n\n\n\n<p>Estrada Mart\u00ednez a\u00f1adi\u00f3 que el mantener el \u201cCamarena\u201d en estos momentos de temporada de vacaciones, representar\u00eda un proceso para seguir con la recuperaci\u00f3n de la actividad econ\u00f3mica del puerto, as\u00ed como el inicio de la imagen tur\u00edstica que se requiere a m\u00e1s de un mes de los estragos de Otis.<br><\/p>\n\n\n\n<p>Agreg\u00f3 que son m\u00e1s de cinco mil comerciantes informales y unos tres mil 500 prestadores de servicios tur\u00edsticos de todas las playas de Acapulco, los que estar\u00edan siendo beneficiados si las autoridades dan la autorizaci\u00f3n para que los visitantes puedan instalarse con sus casas de campa\u00f1a en la zona de playa.<\/p>\n","protected":false},"excerpt":{"rendered":"<p>Prestadores de servicios est\u00e1n a favor de que turistas instalen sus tiendas de campa\u00f1a para reactivar la econom\u00eda de Acapulco. A pesar de no estar autorizado el uso del \u201cCamarena\u201d para esta temporada de vacaciones por las autoridades de gobierno, prestadores de servicios tur\u00edsticos y comerciantes de la zona federal, respaldaron que turistas nacionales puedan [&hellip;]<\/p>\n","protected":false},"author":1,"featured_media":43978,"comment_status":"closed","ping_status":"closed","sticky":false,"template":"","format":"standard","meta":{"footnotes":""},"categories":[34],"tags":[],"class_list":["post-43977","post","type-post","status-publish","format-standard","has-post-thumbnail","hentry","category-nacional"],"_links":{"self":[{"href":"https:\/\/elinformante.mx\/index.php?rest_route=\/wp\/v2\/posts\/43977","targetHints":{"allow":["GET"]}}],"collection":[{"href":"https:\/\/elinformante.mx\/index.php?rest_route=\/wp\/v2\/posts"}],"about":[{"href":"https:\/\/elinformante.mx\/index.php?rest_route=\/wp\/v2\/types\/post"}],"author":[{"embeddable":true,"href":"https:\/\/elinformante.mx\/index.php?rest_route=\/wp\/v2\/users\/1"}],"replies":[{"embeddable":true,"href":"https:\/\/elinformante.mx\/index.php?rest_route=%2Fwp%2Fv2%2Fcomments&post=43977"}],"version-history":[{"count":0,"href":"https:\/\/elinformante.mx\/index.php?rest_route=\/wp\/v2\/posts\/43977\/revisions"}],"wp:featuredmedia":[{"embeddable":true,"href":"https:\/\/elinformante.mx\/index.php?rest_route=\/wp\/v2\/media\/43978"}],"wp:attachment":[{"href":"https:\/\/elinformante.mx\/index.php?rest_route=%2Fwp%2Fv2%2Fmedia&parent=43977"}],"wp:term":[{"taxonomy":"category","embeddable":true,"href":"https:\/\/elinformante.mx\/index.php?rest_route=%2Fwp%2Fv2%2Fcategories&post=43977"},{"taxonomy":"post_tag","embeddable":true,"href":"https:\/\/elinformante.mx\/index.php?rest_route=%2Fwp%2Fv2%2Ftags&post=43977"}],"curies":[{"name":"wp","href":"https:\/\/api.w.org\/{rel}","templated":true}]}}