{"id":44793,"date":"2024-01-15T05:50:15","date_gmt":"2024-01-15T11:50:15","guid":{"rendered":"https:\/\/elinformante.mx\/?p=44793"},"modified":"2024-01-15T05:50:16","modified_gmt":"2024-01-15T11:50:16","slug":"protesta-personal-medico-por-falta-de-medicinas-en-el-valle-de-toluca","status":"publish","type":"post","link":"https:\/\/elinformante.mx\/?p=44793","title":{"rendered":"Protesta personal m\u00e9dico por falta de medicinas en el Valle de Toluca"},"content":{"rendered":"\n<blockquote class=\"wp-block-quote is-layout-flow wp-block-quote-is-layout-flow\">\n<p class=\"wp-block-paragraph\">Los manifestantes, doctores y enfermeras, no descarta llevar a cabo m\u00e1s movilizaciones la pr\u00f3xima semana.<\/p>\n<\/blockquote>\n\n\n\n<p class=\"wp-block-paragraph\">Ante el desabasto de medicamentos en los hospitales \u201cDr. Nicol\u00e1s San Juan\u201d y Centro M\u00e9dico \u201cLic. Adolfo L\u00f3pez Mateos\u201d, as\u00ed como en otros nosocomios del Valle de Toluca, el personal m\u00e9dico y enfermeras llevaron a cabo una protesta este domingo.<br><\/p>\n\n\n\n<p class=\"wp-block-paragraph\">Denunciaron que, hace unos d\u00edas, presentaron un pliego petitorio ante las autoridades de la Secretar\u00eda de Salud, pero no obtuvieron una respuesta favorable.<br><\/p>\n\n\n\n<p class=\"wp-block-paragraph\">Se\u00f1alaron que la falta de medicamentos y otros insumos hospitalarios afecta su labor diaria.<br><\/p>\n\n\n\n<figure class=\"wp-block-image size-large\"><img fetchpriority=\"high\" decoding=\"async\" width=\"1024\" height=\"503\" src=\"https:\/\/elinformante.mx\/wp-content\/uploads\/2024\/01\/PROTESTAN-MEDICOS-3-1024x503.jpg\" alt=\"\" class=\"wp-image-44795\" srcset=\"https:\/\/elinformante.mx\/wp-content\/uploads\/2024\/01\/PROTESTAN-MEDICOS-3-1024x503.jpg 1024w, https:\/\/elinformante.mx\/wp-content\/uploads\/2024\/01\/PROTESTAN-MEDICOS-3-300x147.jpg 300w, https:\/\/elinformante.mx\/wp-content\/uploads\/2024\/01\/PROTESTAN-MEDICOS-3-768x377.jpg 768w, https:\/\/elinformante.mx\/wp-content\/uploads\/2024\/01\/PROTESTAN-MEDICOS-3-580x285.jpg 580w, https:\/\/elinformante.mx\/wp-content\/uploads\/2024\/01\/PROTESTAN-MEDICOS-3-860x422.jpg 860w, https:\/\/elinformante.mx\/wp-content\/uploads\/2024\/01\/PROTESTAN-MEDICOS-3.jpg 1140w\" sizes=\"(max-width: 1024px) 100vw, 1024px\" \/><\/figure>\n\n\n\n<p class=\"wp-block-paragraph\">Destacaron la urgencia de concluir la construcci\u00f3n de los 10 hospitales que se empezaron a edificar durante el sexenio del exgobernador Eruviel \u00c1vila.<br><\/p>\n\n\n\n<p class=\"wp-block-paragraph\">Ante la falta de respuesta por parte de las autoridades, el personal m\u00e9dico no descarta llevar a cabo m\u00e1s movilizaciones la pr\u00f3xima semana.<br><\/p>\n\n\n\n<p class=\"wp-block-paragraph\">Concluyeron expresando su malestar porque se ven obligados a comprar el material necesario para poder atender a la gente.<\/p>\n","protected":false},"excerpt":{"rendered":"<p>Los manifestantes, doctores y enfermeras, no descarta llevar a cabo m\u00e1s movilizaciones la pr\u00f3xima semana. Ante el desabasto de medicamentos en los hospitales \u201cDr. Nicol\u00e1s San Juan\u201d y Centro M\u00e9dico \u201cLic. Adolfo L\u00f3pez Mateos\u201d, as\u00ed como en otros nosocomios del Valle de Toluca, el personal m\u00e9dico y enfermeras llevaron a cabo una protesta este domingo. [&hellip;]<\/p>\n","protected":false},"author":1,"featured_media":44794,"comment_status":"closed","ping_status":"closed","sticky":false,"template":"","format":"standard","meta":{"footnotes":""},"categories":[36],"tags":[],"class_list":["post-44793","post","type-post","status-publish","format-standard","has-post-thumbnail","hentry","category-edomex"],"_links":{"self":[{"href":"https:\/\/elinformante.mx\/index.php?rest_route=\/wp\/v2\/posts\/44793","targetHints":{"allow":["GET"]}}],"collection":[{"href":"https:\/\/elinformante.mx\/index.php?rest_route=\/wp\/v2\/posts"}],"about":[{"href":"https:\/\/elinformante.mx\/index.php?rest_route=\/wp\/v2\/types\/post"}],"author":[{"embeddable":true,"href":"https:\/\/elinformante.mx\/index.php?rest_route=\/wp\/v2\/users\/1"}],"replies":[{"embeddable":true,"href":"https:\/\/elinformante.mx\/index.php?rest_route=%2Fwp%2Fv2%2Fcomments&post=44793"}],"version-history":[{"count":0,"href":"https:\/\/elinformante.mx\/index.php?rest_route=\/wp\/v2\/posts\/44793\/revisions"}],"wp:featuredmedia":[{"embeddable":true,"href":"https:\/\/elinformante.mx\/index.php?rest_route=\/wp\/v2\/media\/44794"}],"wp:attachment":[{"href":"https:\/\/elinformante.mx\/index.php?rest_route=%2Fwp%2Fv2%2Fmedia&parent=44793"}],"wp:term":[{"taxonomy":"category","embeddable":true,"href":"https:\/\/elinformante.mx\/index.php?rest_route=%2Fwp%2Fv2%2Fcategories&post=44793"},{"taxonomy":"post_tag","embeddable":true,"href":"https:\/\/elinformante.mx\/index.php?rest_route=%2Fwp%2Fv2%2Ftags&post=44793"}],"curies":[{"name":"wp","href":"https:\/\/api.w.org\/{rel}","templated":true}]}}