{"id":45241,"date":"2024-01-19T04:57:30","date_gmt":"2024-01-19T10:57:30","guid":{"rendered":"https:\/\/elinformante.mx\/?p=45241"},"modified":"2024-01-19T04:57:31","modified_gmt":"2024-01-19T10:57:31","slug":"repunte-del-covid-amenaza-al-edomex-piden-usar-cubrebocas-en-escuelas-de-nuevo","status":"publish","type":"post","link":"https:\/\/elinformante.mx\/?p=45241","title":{"rendered":"Repunte del COVID amenaza al Edom\u00e9x: piden usar cubrebocas en escuelas de nuevo"},"content":{"rendered":"\n<blockquote class=\"wp-block-quote is-layout-flow wp-block-quote-is-layout-flow\">\n<p>La Secretar\u00eda de Educaci\u00f3n mexiquense pide volver a usar cubrebocas para prevenir casos de COVID-19.<\/p>\n<\/blockquote>\n\n\n\n<p>Ante el repunte de casos de COVID-19, la Secretar\u00eda de Educaci\u00f3n del Estado de M\u00e9xico pidi\u00f3 regresar al uso de cubrebocas en las escuelas.<br><\/p>\n\n\n\n<p>A trav\u00e9s de sus redes sociales hizo un llamado a mantener las medidas sanitarias para evitar enfermedades respiratorias.<br><\/p>\n\n\n\n<p>Adem\u00e1s del uso de cubrebocas, entre las recomendaciones de prevenci\u00f3n est\u00e1n el lavado frecuente de manos con agua y jab\u00f3n.<br><\/p>\n\n\n\n<p>Tambi\u00e9n mantener la \u2018sana distancia\u2019 y recurrir al estornudo de etiqueta, el cual consiste en utilizar el codo o un pa\u00f1uelo al toser o estornudar para evitar la propagaci\u00f3n de part\u00edculas.<br><\/p>\n\n\n\n<p>La Secretar\u00eda de Educaci\u00f3n de Edom\u00e9x pide mantener los espacios ventilados y tener el esquema de vacunaci\u00f3n actualizado tanto de COVID como de influenza.<br><\/p>\n\n\n\n<figure class=\"wp-block-image size-large\"><img fetchpriority=\"high\" decoding=\"async\" width=\"1024\" height=\"503\" src=\"https:\/\/elinformante.mx\/wp-content\/uploads\/2024\/01\/REPUNTE-DE-1024x503.jpg\" alt=\"\" class=\"wp-image-45243\" srcset=\"https:\/\/elinformante.mx\/wp-content\/uploads\/2024\/01\/REPUNTE-DE-1024x503.jpg 1024w, https:\/\/elinformante.mx\/wp-content\/uploads\/2024\/01\/REPUNTE-DE-300x147.jpg 300w, https:\/\/elinformante.mx\/wp-content\/uploads\/2024\/01\/REPUNTE-DE-768x377.jpg 768w, https:\/\/elinformante.mx\/wp-content\/uploads\/2024\/01\/REPUNTE-DE-580x285.jpg 580w, https:\/\/elinformante.mx\/wp-content\/uploads\/2024\/01\/REPUNTE-DE-860x422.jpg 860w, https:\/\/elinformante.mx\/wp-content\/uploads\/2024\/01\/REPUNTE-DE.jpg 1140w\" sizes=\"(max-width: 1024px) 100vw, 1024px\" \/><\/figure>\n\n\n\n<p>La Universidad Nacional Aut\u00f3noma de M\u00e9xico (UNAM) tambi\u00e9n prioriz\u00f3 el uso de cubrebocas para el regreso a clases como una forma de prevenci\u00f3n del COVID-19.<br><\/p>\n\n\n\n<p>\u201cLos virus del COVID-19, influenza y el sincicial respiratorio mantienen como los principales agentes causales de infecciones respiratorias que en su gran mayor\u00eda son ambulatorias y no requieren hospitalizaci\u00f3n. El n\u00famero de las hospitalizaciones actuales es mucho menor al del invierno pasado\u201d, dijo la UNAM en un comunicado.<br><\/p>\n\n\n\n<p>El cubrebocas debe utilizarse al estar en contacto con otras personas, en lugares cerrados y con poca ventilaci\u00f3n, precis\u00f3 la universidad.<br><\/p>\n\n\n\n<p>Tambi\u00e9n hizo un llamado a aplicar las dosis de refuerzo necesarias para mantener actualizado el esquema de vacunaci\u00f3n.<br><\/p>\n\n\n\n<p>Entre otras recomendaciones de la UNAM est\u00e1n, abrir puertas y ventanas de las aulas, auditorios y sitios de reuni\u00f3n para promover la ventilaci\u00f3n y mantener la higiene en las instalaciones.<br><\/p>\n\n\n\n<p>En caso de tener s\u00edntomas respiratorios se debe, primero, acudir al m\u00e9dico y durante el tratamiento, permanecer en casa, no acudir al trabajo, escuela, eventos culturales, deportivos, sociales o realizar viajes, para prevenir los contagios.<\/p>\n","protected":false},"excerpt":{"rendered":"<p>La Secretar\u00eda de Educaci\u00f3n mexiquense pide volver a usar cubrebocas para prevenir casos de COVID-19. Ante el repunte de casos de COVID-19, la Secretar\u00eda de Educaci\u00f3n del Estado de M\u00e9xico pidi\u00f3 regresar al uso de cubrebocas en las escuelas. A trav\u00e9s de sus redes sociales hizo un llamado a mantener las medidas sanitarias para evitar [&hellip;]<\/p>\n","protected":false},"author":1,"featured_media":45242,"comment_status":"closed","ping_status":"closed","sticky":false,"template":"","format":"standard","meta":{"footnotes":""},"categories":[36],"tags":[],"class_list":["post-45241","post","type-post","status-publish","format-standard","has-post-thumbnail","hentry","category-edomex"],"_links":{"self":[{"href":"https:\/\/elinformante.mx\/index.php?rest_route=\/wp\/v2\/posts\/45241","targetHints":{"allow":["GET"]}}],"collection":[{"href":"https:\/\/elinformante.mx\/index.php?rest_route=\/wp\/v2\/posts"}],"about":[{"href":"https:\/\/elinformante.mx\/index.php?rest_route=\/wp\/v2\/types\/post"}],"author":[{"embeddable":true,"href":"https:\/\/elinformante.mx\/index.php?rest_route=\/wp\/v2\/users\/1"}],"replies":[{"embeddable":true,"href":"https:\/\/elinformante.mx\/index.php?rest_route=%2Fwp%2Fv2%2Fcomments&post=45241"}],"version-history":[{"count":0,"href":"https:\/\/elinformante.mx\/index.php?rest_route=\/wp\/v2\/posts\/45241\/revisions"}],"wp:featuredmedia":[{"embeddable":true,"href":"https:\/\/elinformante.mx\/index.php?rest_route=\/wp\/v2\/media\/45242"}],"wp:attachment":[{"href":"https:\/\/elinformante.mx\/index.php?rest_route=%2Fwp%2Fv2%2Fmedia&parent=45241"}],"wp:term":[{"taxonomy":"category","embeddable":true,"href":"https:\/\/elinformante.mx\/index.php?rest_route=%2Fwp%2Fv2%2Fcategories&post=45241"},{"taxonomy":"post_tag","embeddable":true,"href":"https:\/\/elinformante.mx\/index.php?rest_route=%2Fwp%2Fv2%2Ftags&post=45241"}],"curies":[{"name":"wp","href":"https:\/\/api.w.org\/{rel}","templated":true}]}}