{"id":45289,"date":"2024-01-19T05:30:08","date_gmt":"2024-01-19T11:30:08","guid":{"rendered":"https:\/\/elinformante.mx\/?p=45289"},"modified":"2024-01-19T05:30:10","modified_gmt":"2024-01-19T11:30:10","slug":"firma-mara-lezama-salud-para-quintana-roo-con-imss-bienestar","status":"publish","type":"post","link":"https:\/\/elinformante.mx\/?p=45289","title":{"rendered":"Firma Mara Lezama Salud Para Quintana Roo con IMSS-Bienestar"},"content":{"rendered":"\n<blockquote class=\"wp-block-quote is-layout-flow wp-block-quote-is-layout-flow\">\n<p>Con la presencia del presidente Andr\u00e9s Manuel L\u00f3pez Obrador, la Gobernadora firm\u00f3 el Convenio que garantizar\u00e1 servicios para las m\u00e1s de 800 mil personas sin seguridad social en la entidad.<\/p>\n<\/blockquote>\n\n\n\n<p>Porque la salud es prioridad en Quintana Roo, la gobernadora Mara Lezama Espinosa firm\u00f3 hoy el convenio IMSS-Bienestar, durante un evento que encabez\u00f3 el presidente Andr\u00e9s Manuel L\u00f3pez Obrador en Palacio Nacional, a quien felicit\u00f3 por esta iniciativa, ya que la salud de los mexicanos es su prioridad.<br><\/p>\n\n\n\n<p>\u201cLa firma del convenio que hoy presenciamos es un hecho hist\u00f3rico. Esta transferencia al IMSS-Bienestar por la que est\u00e1 transitando Quintana Roo y los dem\u00e1s estados hermanos, traer\u00e1 muchas mejoras en materia de personal, infraestructura, equipamiento, medicamentos y dem\u00e1s insumos asociados a la prestaci\u00f3n gratuita de servicios de salud, lo que se traducir\u00e1 en un enorme beneficio a la poblaci\u00f3n sin seguridad social\u201d explic\u00f3 la Gobernadora.<br><\/p>\n\n\n\n<p>La titular del Ejecutivo agradeci\u00f3 al Presidente de M\u00e9xico todo el apoyo que da a las y los quintanarroenses en la lucha continua en favor de la justicia social, para garantizar que todas y todos cuenten con el respaldo del gobierno para hacer v\u00e1lido el derecho a la salud a trav\u00e9s de la atenci\u00f3n m\u00e9dica.<br><\/p>\n\n\n\n<p>Enfatiz\u00f3 que esta firma marcar\u00e1 el destino de la atenci\u00f3n m\u00e9dica en M\u00e9xico. \u201cEl paso que damos el d\u00eda de hoy, con la firma de este convenio para reintegrar estas instalaciones a favor del IMSS-Bienestar, es mucho m\u00e1s trascendental que un simple acto administrativo: es la estrofa m\u00e1s significativa dedicada a la salud en la sinfon\u00eda de Justicia Social que resuena en el pa\u00eds\u201d dijo.<br><\/p>\n\n\n\n<p>Durante el evento, Mara Lezama destac\u00f3 que esta transferencia, esta reversi\u00f3n de inmuebles al IMSS-Bienestar traer\u00e1 muchas mejoras a la prestaci\u00f3n gratuita de servicios de salud para las m\u00e1s de 800 mil personas sin seguridad social en Quintana Roo.<br><\/p>\n\n\n\n<p>La primera mujer gobernadora de Quintana Roo indic\u00f3 que esta transferencia generar\u00e1 beneficios para la poblaci\u00f3n que m\u00e1s lo necesita, por la que se trabaja desde el inicio de la administraci\u00f3n con base en un Nuevo Acuerdo por el Bienestar y Desarrollo de la entidad que impulsa la prosperidad compartida para que nadie se quede fuera ni nadie se quede atr\u00e1s.<br><\/p>\n\n\n\n<p>Record\u00f3 que en Quintana Roo, al compromiso de garantizar la salud para todas y todos, trabajando de la mano con el gobierno federal, se sumar\u00e1n nuevos hospitales que ya fueron autorizados en Chetumal, la capital del estado, y Felipe Carrillo Puerto, coraz\u00f3n de la zona Maya.<br><\/p>\n\n\n\n<p>Mara Lezama explic\u00f3 que son dos ciudades donde sus pobladores hab\u00edan sido sistem\u00e1ticamente olvidados, relegados de los beneficios econ\u00f3micos y sociales del \u00e9xito tur\u00edstico del estado y que ahora, gracias a estas pol\u00edticas humanistas y progresistas, as\u00ed como al Tren Maya, el tren de la justicia social, muy pronto resplandecer\u00e1n.<br><\/p>\n\n\n\n<p>Al firmar el documento, Mara Lezama ofreci\u00f3 su respaldo para alcanzar el futuro donde la atenci\u00f3n m\u00e9dica sea un derecho universal incuestionable y la justicia social llegue a todos los rincones del estado.<\/p>\n","protected":false},"excerpt":{"rendered":"<p>Con la presencia del presidente Andr\u00e9s Manuel L\u00f3pez Obrador, la Gobernadora firm\u00f3 el Convenio que garantizar\u00e1 servicios para las m\u00e1s de 800 mil personas sin seguridad social en la entidad. Porque la salud es prioridad en Quintana Roo, la gobernadora Mara Lezama Espinosa firm\u00f3 hoy el convenio IMSS-Bienestar, durante un evento que encabez\u00f3 el presidente [&hellip;]<\/p>\n","protected":false},"author":1,"featured_media":45290,"comment_status":"closed","ping_status":"closed","sticky":false,"template":"","format":"standard","meta":{"footnotes":""},"categories":[30,34],"tags":[],"class_list":["post-45289","post","type-post","status-publish","format-standard","has-post-thumbnail","hentry","category-destacado","category-nacional"],"_links":{"self":[{"href":"https:\/\/elinformante.mx\/index.php?rest_route=\/wp\/v2\/posts\/45289","targetHints":{"allow":["GET"]}}],"collection":[{"href":"https:\/\/elinformante.mx\/index.php?rest_route=\/wp\/v2\/posts"}],"about":[{"href":"https:\/\/elinformante.mx\/index.php?rest_route=\/wp\/v2\/types\/post"}],"author":[{"embeddable":true,"href":"https:\/\/elinformante.mx\/index.php?rest_route=\/wp\/v2\/users\/1"}],"replies":[{"embeddable":true,"href":"https:\/\/elinformante.mx\/index.php?rest_route=%2Fwp%2Fv2%2Fcomments&post=45289"}],"version-history":[{"count":0,"href":"https:\/\/elinformante.mx\/index.php?rest_route=\/wp\/v2\/posts\/45289\/revisions"}],"wp:featuredmedia":[{"embeddable":true,"href":"https:\/\/elinformante.mx\/index.php?rest_route=\/wp\/v2\/media\/45290"}],"wp:attachment":[{"href":"https:\/\/elinformante.mx\/index.php?rest_route=%2Fwp%2Fv2%2Fmedia&parent=45289"}],"wp:term":[{"taxonomy":"category","embeddable":true,"href":"https:\/\/elinformante.mx\/index.php?rest_route=%2Fwp%2Fv2%2Fcategories&post=45289"},{"taxonomy":"post_tag","embeddable":true,"href":"https:\/\/elinformante.mx\/index.php?rest_route=%2Fwp%2Fv2%2Ftags&post=45289"}],"curies":[{"name":"wp","href":"https:\/\/api.w.org\/{rel}","templated":true}]}}