{"id":45295,"date":"2024-01-19T05:34:25","date_gmt":"2024-01-19T11:34:25","guid":{"rendered":"https:\/\/elinformante.mx\/?p=45295"},"modified":"2024-01-19T05:34:26","modified_gmt":"2024-01-19T11:34:26","slug":"amlo-propone-desaparecer-todos-los-organismos-autonomos-en-reforma","status":"publish","type":"post","link":"https:\/\/elinformante.mx\/?p=45295","title":{"rendered":"AMLO propone desaparecer todos los organismos aut\u00f3nomos en reforma"},"content":{"rendered":"\n<blockquote class=\"wp-block-quote is-layout-flow wp-block-quote-is-layout-flow\">\n<p>El presidente respondi\u00f3 a los comentarios de la titular de Cofece, Andrea Marv\u00e1n, sobre la venta de las plantas de Iberdrola a CFE.<\/p>\n<\/blockquote>\n\n\n\n<p>El presidente de M\u00e9xico, Andr\u00e9s Manuel L\u00f3pez Obrador, se\u00f1al\u00f3 este jueves que en el paquete de reformas que presentar\u00e1 el pr\u00f3ximo 5 de febrero, estar\u00e1 la propuesta de desaparecer \u201ctodos\u201d los organismos aut\u00f3nomos que existen en el pa\u00eds.<br><\/p>\n\n\n\n<p>\u201cNosotros tambi\u00e9n estamos revisando con lupa lo que hacen estos organismos, al grado que voy a proponer en el paquete de iniciativas de reforma, que desaparezcan todos estos organismos que crearon para proteger a particulares\u201d, se\u00f1al\u00f3 el mandatario durante su conferencia de prensa matutina.<br><\/p>\n\n\n\n<p>El gobernante mexicano respondi\u00f3 as\u00ed a las declaraciones de la presidenta de la Comisi\u00f3n Federal de Competencia Econ\u00f3mica (Cofece), Andrea Marv\u00e1n, sobre la exhaustiva revisi\u00f3n que har\u00e1 dicho organismo sobre la venta de 13 plantas de la espa\u00f1ola Iberdrola a la Comisi\u00f3n Federal de Electricidad (CFE) en junio pasado.<br><\/p>\n\n\n\n<p>Entre los organismos que ha criticado est\u00e1n la Cofece, el Instituto Federal de Telecomunicaciones (IFT), el Instituto Nacional de Transparencia y Acceso a la Informaci\u00f3n (Inai), y la Comisi\u00f3n Reguladora de Energ\u00eda (CRE).<br><\/p>\n\n\n\n<p>L\u00f3pez Obrador afirm\u00f3 que todos los reguladores aut\u00f3nomos se crearon en lo que \u00e9l llama el periodo neoliberal \u201cpara afectar el inter\u00e9s p\u00fablico\u201d.<br><\/p>\n\n\n\n<p>Y sostuvo que durante esa etapa se entregaron los bienes \u201cdel pueblo\u201d y de la naci\u00f3n a particulares.<br><\/p>\n\n\n\n<figure class=\"wp-block-image size-large\"><img fetchpriority=\"high\" decoding=\"async\" width=\"1024\" height=\"503\" src=\"https:\/\/elinformante.mx\/wp-content\/uploads\/2024\/01\/AMLO-PROPONE-2-1024x503.jpg\" alt=\"\" class=\"wp-image-45297\" srcset=\"https:\/\/elinformante.mx\/wp-content\/uploads\/2024\/01\/AMLO-PROPONE-2-1024x503.jpg 1024w, https:\/\/elinformante.mx\/wp-content\/uploads\/2024\/01\/AMLO-PROPONE-2-300x147.jpg 300w, https:\/\/elinformante.mx\/wp-content\/uploads\/2024\/01\/AMLO-PROPONE-2-768x377.jpg 768w, https:\/\/elinformante.mx\/wp-content\/uploads\/2024\/01\/AMLO-PROPONE-2-580x285.jpg 580w, https:\/\/elinformante.mx\/wp-content\/uploads\/2024\/01\/AMLO-PROPONE-2-860x422.jpg 860w, https:\/\/elinformante.mx\/wp-content\/uploads\/2024\/01\/AMLO-PROPONE-2.jpg 1140w\" sizes=\"(max-width: 1024px) 100vw, 1024px\" \/><\/figure>\n\n\n\n<p>\u201cHubo una privatizaci\u00f3n que solo ven\u00eda como antecedente en la historia que llev\u00f3 a cabo (el dictador) Porfirio D\u00edaz, le entreg\u00f3 el petr\u00f3leo, las minas, las tierras, el agua, los ferrocarriles, los bancos a los extranjeros\u201d, apunt\u00f3.<br><\/p>\n\n\n\n<p>Indic\u00f3 que su paquete de iniciativas busca modificar las reformas hechas en los \u00faltimos 36 a\u00f1os para favorecer \u00fanicamente a particulares y asever\u00f3 que justo por ello se crearon los organismos \u201csupuestamente\u201d aut\u00f3nomos.<br><\/p>\n\n\n\n<p>\u201cNecesitaban protegerse y por eso constituyeron todos estos organismos, supuestamente aut\u00f3nomos, en donde tiene m\u00e1s peso lo privado, lo particular, que lo p\u00fablico, por eso es la actitud de este organismo (Cofece)\u201d, zanj\u00f3.<br><\/p>\n\n\n\n<p>El pasado martes, L\u00f3pez Obrador revel\u00f3 que el paquete de reformas constitucionales que presentar\u00e1 el 5 de febrero asciende a 10 iniciativas, entre las que incluir\u00e1 las del Poder Judicial, la Guardia Nacional y la austeridad republicana.<br><\/p>\n\n\n\n<p>Adem\u00e1s de que en eventos previos ha expresado que tambi\u00e9n buscar\u00e1 una iniciativa el\u00e9ctrica para contrarrestar la reforma que abri\u00f3 a la inversi\u00f3n privada el sector energ\u00e9tico en el sexenio de Enrique Pe\u00f1a Nieto (2012-2018).<br><\/p>\n\n\n\n<p>Desde el jueves pasado, el mandatario anunci\u00f3 el \u00faltimo paquete de iniciativas constitucionales antes de las elecciones del 2 de junio y de concluir su mandato en octubre pr\u00f3ximo.<br><\/p>\n\n\n\n<p>El gobernante mexicano expres\u00f3 su esperanza de que su alianza de partidos recupere la mayor\u00eda de dos tercios del Congreso que se requiere para modificar la carta magna y que perdi\u00f3 en las elecciones intermedias de 2021.<\/p>\n","protected":false},"excerpt":{"rendered":"<p>El presidente respondi\u00f3 a los comentarios de la titular de Cofece, Andrea Marv\u00e1n, sobre la venta de las plantas de Iberdrola a CFE. El presidente de M\u00e9xico, Andr\u00e9s Manuel L\u00f3pez Obrador, se\u00f1al\u00f3 este jueves que en el paquete de reformas que presentar\u00e1 el pr\u00f3ximo 5 de febrero, estar\u00e1 la propuesta de desaparecer \u201ctodos\u201d los organismos [&hellip;]<\/p>\n","protected":false},"author":1,"featured_media":45296,"comment_status":"closed","ping_status":"closed","sticky":false,"template":"","format":"standard","meta":{"footnotes":""},"categories":[30,34],"tags":[],"class_list":["post-45295","post","type-post","status-publish","format-standard","has-post-thumbnail","hentry","category-destacado","category-nacional"],"_links":{"self":[{"href":"https:\/\/elinformante.mx\/index.php?rest_route=\/wp\/v2\/posts\/45295","targetHints":{"allow":["GET"]}}],"collection":[{"href":"https:\/\/elinformante.mx\/index.php?rest_route=\/wp\/v2\/posts"}],"about":[{"href":"https:\/\/elinformante.mx\/index.php?rest_route=\/wp\/v2\/types\/post"}],"author":[{"embeddable":true,"href":"https:\/\/elinformante.mx\/index.php?rest_route=\/wp\/v2\/users\/1"}],"replies":[{"embeddable":true,"href":"https:\/\/elinformante.mx\/index.php?rest_route=%2Fwp%2Fv2%2Fcomments&post=45295"}],"version-history":[{"count":0,"href":"https:\/\/elinformante.mx\/index.php?rest_route=\/wp\/v2\/posts\/45295\/revisions"}],"wp:featuredmedia":[{"embeddable":true,"href":"https:\/\/elinformante.mx\/index.php?rest_route=\/wp\/v2\/media\/45296"}],"wp:attachment":[{"href":"https:\/\/elinformante.mx\/index.php?rest_route=%2Fwp%2Fv2%2Fmedia&parent=45295"}],"wp:term":[{"taxonomy":"category","embeddable":true,"href":"https:\/\/elinformante.mx\/index.php?rest_route=%2Fwp%2Fv2%2Fcategories&post=45295"},{"taxonomy":"post_tag","embeddable":true,"href":"https:\/\/elinformante.mx\/index.php?rest_route=%2Fwp%2Fv2%2Ftags&post=45295"}],"curies":[{"name":"wp","href":"https:\/\/api.w.org\/{rel}","templated":true}]}}