{"id":45305,"date":"2024-01-19T05:39:03","date_gmt":"2024-01-19T11:39:03","guid":{"rendered":"https:\/\/elinformante.mx\/?p=45305"},"modified":"2024-01-19T05:39:04","modified_gmt":"2024-01-19T11:39:04","slug":"manana-inician-las-precampanas-para-los-aspirantes-a-diputados-y-a-los-125-ayuntamientos","status":"publish","type":"post","link":"https:\/\/elinformante.mx\/?p=45305","title":{"rendered":"Ma\u00f1ana inician las precampa\u00f1as para los aspirantes a diputados y a los 125 ayuntamientos"},"content":{"rendered":"\n<blockquote class=\"wp-block-quote is-layout-flow wp-block-quote-is-layout-flow\">\n<p>Ahora se saturar\u00e1n las estaciones de radio y televisi\u00f3n con la propaganda \u201cdirigida a los militantes\u201d.<\/p>\n<\/blockquote>\n\n\n\n<p>Ser\u00e1 este s\u00e1bado cuando inicien las precampa\u00f1as para la elecci\u00f3n de candidaturas para la renovaci\u00f3n de las diputaciones locales y los 125 ayuntamientos.<br><\/p>\n\n\n\n<figure class=\"wp-block-image size-large\"><img fetchpriority=\"high\" decoding=\"async\" width=\"1024\" height=\"503\" src=\"https:\/\/elinformante.mx\/wp-content\/uploads\/2024\/01\/manana-inician-3-1-1024x503.jpg\" alt=\"\" class=\"wp-image-45307\" srcset=\"https:\/\/elinformante.mx\/wp-content\/uploads\/2024\/01\/manana-inician-3-1-1024x503.jpg 1024w, https:\/\/elinformante.mx\/wp-content\/uploads\/2024\/01\/manana-inician-3-1-300x147.jpg 300w, https:\/\/elinformante.mx\/wp-content\/uploads\/2024\/01\/manana-inician-3-1-768x377.jpg 768w, https:\/\/elinformante.mx\/wp-content\/uploads\/2024\/01\/manana-inician-3-1-580x285.jpg 580w, https:\/\/elinformante.mx\/wp-content\/uploads\/2024\/01\/manana-inician-3-1-860x422.jpg 860w, https:\/\/elinformante.mx\/wp-content\/uploads\/2024\/01\/manana-inician-3-1.jpg 1140w\" sizes=\"(max-width: 1024px) 100vw, 1024px\" \/><\/figure>\n\n\n\n<p>Los siete partidos van a poder anunciarse en radio y televisi\u00f3n, en los tiempos oficiales que les fij\u00f3 el INE.<br><\/p>\n\n\n\n<p>A partir de ma\u00f1ana viernes, los partidos nacionales entran al periodo de intercampa\u00f1as para concluir la selecci\u00f3n de las personas que registrar\u00e1n como candidatos y candidatas a diputaciones, el Senado y a la presidencia de la Rep\u00fablica, para que el INE les d\u00e9 el visto bueno para salir a pedir el voto a partir del primero de marzo e inicia el periplo estatal.<br><\/p>\n\n\n\n<figure class=\"wp-block-image size-large\"><img decoding=\"async\" width=\"1024\" height=\"503\" src=\"https:\/\/elinformante.mx\/wp-content\/uploads\/2024\/01\/manana-inician-4-1024x503.jpg\" alt=\"\" class=\"wp-image-45308\" srcset=\"https:\/\/elinformante.mx\/wp-content\/uploads\/2024\/01\/manana-inician-4-1024x503.jpg 1024w, https:\/\/elinformante.mx\/wp-content\/uploads\/2024\/01\/manana-inician-4-300x147.jpg 300w, https:\/\/elinformante.mx\/wp-content\/uploads\/2024\/01\/manana-inician-4-768x377.jpg 768w, https:\/\/elinformante.mx\/wp-content\/uploads\/2024\/01\/manana-inician-4-580x285.jpg 580w, https:\/\/elinformante.mx\/wp-content\/uploads\/2024\/01\/manana-inician-4-860x422.jpg 860w, https:\/\/elinformante.mx\/wp-content\/uploads\/2024\/01\/manana-inician-4.jpg 1140w\" sizes=\"(max-width: 1024px) 100vw, 1024px\" \/><\/figure>\n\n\n\n<p>La duraci\u00f3n m\u00e1xima de las precampa\u00f1as no podr\u00e1 ser mayor a las dos terceras partes de la duraci\u00f3n de las campa\u00f1as y deber\u00e1n de concluirse antes del vig\u00e9simo quinto d\u00eda anterior al inicio del plazo para el registro de las candidaturas ante el \u00f3rgano electoral, es decir del 20 de enero al 10 de febrero.<br><\/p>\n\n\n\n<p>En las precampa\u00f1as habr\u00e1 distribuci\u00f3n de tiempo en cada estaci\u00f3n de radio y canal de televisi\u00f3n de cobertura en el Estado de M\u00e9xico, para todos los partidos, quienes a su vez los distribuir\u00e1n entre sus precandidatos o har\u00e1n difusi\u00f3n general de lo que est\u00e1n llevando a cabo para participar en las elecciones.<br><\/p>\n\n\n\n<figure class=\"wp-block-image size-large\"><img decoding=\"async\" width=\"1024\" height=\"503\" src=\"https:\/\/elinformante.mx\/wp-content\/uploads\/2024\/01\/manana-inician-1024x503.jpg\" alt=\"\" class=\"wp-image-45309\" srcset=\"https:\/\/elinformante.mx\/wp-content\/uploads\/2024\/01\/manana-inician-1024x503.jpg 1024w, https:\/\/elinformante.mx\/wp-content\/uploads\/2024\/01\/manana-inician-300x147.jpg 300w, https:\/\/elinformante.mx\/wp-content\/uploads\/2024\/01\/manana-inician-768x377.jpg 768w, https:\/\/elinformante.mx\/wp-content\/uploads\/2024\/01\/manana-inician-580x285.jpg 580w, https:\/\/elinformante.mx\/wp-content\/uploads\/2024\/01\/manana-inician-860x422.jpg 860w, https:\/\/elinformante.mx\/wp-content\/uploads\/2024\/01\/manana-inician.jpg 1140w\" sizes=\"(max-width: 1024px) 100vw, 1024px\" \/><\/figure>\n\n\n\n<p>Por ley, la propaganda de la precampa\u00f1a deber\u00e1 se\u00f1alar de manera expresa la calidad de precandidato o precandidata y deber\u00e1 ser reciclable, fabricada con materiales biodegradables que no contengan sustancias t\u00f3xicas o nocivas para la salud o el medio ambiente.\u00a0<br><\/p>\n\n\n\n<p>Se deben respetar las reglas para la colocaci\u00f3n de propaganda y tres d\u00edas antes del inicio del plazo para el registro de candidatos, los partidos pol\u00edticos deber\u00e1n haber retirado la totalidad de la propaganda electoral de precampa\u00f1a para su reciclaje; de otra manera lo har\u00e1 el Instituto Electoral, con cargo a su financiamiento p\u00fablico.<\/p>\n","protected":false},"excerpt":{"rendered":"<p>Ahora se saturar\u00e1n las estaciones de radio y televisi\u00f3n con la propaganda \u201cdirigida a los militantes\u201d. Ser\u00e1 este s\u00e1bado cuando inicien las precampa\u00f1as para la elecci\u00f3n de candidaturas para la renovaci\u00f3n de las diputaciones locales y los 125 ayuntamientos. Los siete partidos van a poder anunciarse en radio y televisi\u00f3n, en los tiempos oficiales que [&hellip;]<\/p>\n","protected":false},"author":1,"featured_media":45306,"comment_status":"closed","ping_status":"closed","sticky":false,"template":"","format":"standard","meta":{"footnotes":""},"categories":[30,36,31],"tags":[],"class_list":["post-45305","post","type-post","status-publish","format-standard","has-post-thumbnail","hentry","category-destacado","category-edomex","category-portada"],"_links":{"self":[{"href":"https:\/\/elinformante.mx\/index.php?rest_route=\/wp\/v2\/posts\/45305","targetHints":{"allow":["GET"]}}],"collection":[{"href":"https:\/\/elinformante.mx\/index.php?rest_route=\/wp\/v2\/posts"}],"about":[{"href":"https:\/\/elinformante.mx\/index.php?rest_route=\/wp\/v2\/types\/post"}],"author":[{"embeddable":true,"href":"https:\/\/elinformante.mx\/index.php?rest_route=\/wp\/v2\/users\/1"}],"replies":[{"embeddable":true,"href":"https:\/\/elinformante.mx\/index.php?rest_route=%2Fwp%2Fv2%2Fcomments&post=45305"}],"version-history":[{"count":0,"href":"https:\/\/elinformante.mx\/index.php?rest_route=\/wp\/v2\/posts\/45305\/revisions"}],"wp:featuredmedia":[{"embeddable":true,"href":"https:\/\/elinformante.mx\/index.php?rest_route=\/wp\/v2\/media\/45306"}],"wp:attachment":[{"href":"https:\/\/elinformante.mx\/index.php?rest_route=%2Fwp%2Fv2%2Fmedia&parent=45305"}],"wp:term":[{"taxonomy":"category","embeddable":true,"href":"https:\/\/elinformante.mx\/index.php?rest_route=%2Fwp%2Fv2%2Fcategories&post=45305"},{"taxonomy":"post_tag","embeddable":true,"href":"https:\/\/elinformante.mx\/index.php?rest_route=%2Fwp%2Fv2%2Ftags&post=45305"}],"curies":[{"name":"wp","href":"https:\/\/api.w.org\/{rel}","templated":true}]}}