{"id":46686,"date":"2024-02-08T05:24:27","date_gmt":"2024-02-08T11:24:27","guid":{"rendered":"https:\/\/elinformante.mx\/?p=46686"},"modified":"2024-02-08T05:24:28","modified_gmt":"2024-02-08T11:24:28","slug":"trabaja-policia-de-metepec-para-que-robo-en-escuela-primaria-no-quede-impune","status":"publish","type":"post","link":"https:\/\/elinformante.mx\/?p=46686","title":{"rendered":"Trabaja polic\u00eda de Metepec para que robo en escuela primaria no quede impune"},"content":{"rendered":"\n<blockquote class=\"wp-block-quote is-layout-flow wp-block-quote-is-layout-flow\">\n<p>El compromiso de las autoridades tanto educativas como policiales de trabajar en conjunto para abordar estos delitos.<\/p>\n<\/blockquote>\n\n\n\n<p>El Comisario de Metepec, Jes\u00fas Alberto Ram\u00edrez Manzur, dio a conocer sobre un robo ocurrido hace poco en una instituci\u00f3n educativa primaria ubicada en el Fraccionamiento Fuentes de San Gabriel, en Metepec, en el cual se han redoblado los esfuerzos para que no quede impune.<br><\/p>\n\n\n\n<p>Mediante un v\u00eddeo expuso que las autoridades policiales han mantenido contacto con los directores de diversas instituciones educativas; aunado a ello han llevado a cabo acciones a trav\u00e9s del \u00e1rea de Polic\u00eda de Proximidad para garantizar que el robo no quede impune.<br><\/p>\n\n\n\n<p>Ram\u00edrez Manzur expuso que en meses anteriores se intent\u00f3 establecer contacto con la instituci\u00f3n afectada para ofrecer charlas de prevenci\u00f3n del delito y an\u00e1lisis de riesgo de forma gratuita, sin embargo, no se logr\u00f3 concretar la colaboraci\u00f3n en dicha ocasi\u00f3n.<br><\/p>\n\n\n\n<p>Insisti\u00f3 en que existe el pleno compromiso de las autoridades, tanto educativas como policiacas, para trabajar en conjunto a efecto de evitar la comisi\u00f3n de delitos.<br><\/p>\n\n\n\n<p>Manifest\u00f3 que se trabaja en forma muy estrecha con la Fiscal\u00eda General de Justicia del Estado de M\u00e9xico.<br><\/p>\n\n\n\n<p>Se pidi\u00f3 a la comunidad que tenga en cuenta que la Polic\u00eda de Proximidad opera a trav\u00e9s de grupos de coordinaci\u00f3n en WhatsApp, ofreciendo un canal adicional de comunicaci\u00f3n, adem\u00e1s de que pueden utilizar los n\u00fameros de emergencia proporcionados por el centro de comando del Estado de M\u00e9xico as\u00ed como por el Ayuntamiento de Metepec para reportar cualquier emergencia o denuncia.<\/p>\n","protected":false},"excerpt":{"rendered":"<p>El compromiso de las autoridades tanto educativas como policiales de trabajar en conjunto para abordar estos delitos. El Comisario de Metepec, Jes\u00fas Alberto Ram\u00edrez Manzur, dio a conocer sobre un robo ocurrido hace poco en una instituci\u00f3n educativa primaria ubicada en el Fraccionamiento Fuentes de San Gabriel, en Metepec, en el cual se han redoblado [&hellip;]<\/p>\n","protected":false},"author":1,"featured_media":46687,"comment_status":"closed","ping_status":"closed","sticky":false,"template":"","format":"standard","meta":{"footnotes":""},"categories":[30,36],"tags":[],"class_list":["post-46686","post","type-post","status-publish","format-standard","has-post-thumbnail","hentry","category-destacado","category-edomex"],"_links":{"self":[{"href":"https:\/\/elinformante.mx\/index.php?rest_route=\/wp\/v2\/posts\/46686","targetHints":{"allow":["GET"]}}],"collection":[{"href":"https:\/\/elinformante.mx\/index.php?rest_route=\/wp\/v2\/posts"}],"about":[{"href":"https:\/\/elinformante.mx\/index.php?rest_route=\/wp\/v2\/types\/post"}],"author":[{"embeddable":true,"href":"https:\/\/elinformante.mx\/index.php?rest_route=\/wp\/v2\/users\/1"}],"replies":[{"embeddable":true,"href":"https:\/\/elinformante.mx\/index.php?rest_route=%2Fwp%2Fv2%2Fcomments&post=46686"}],"version-history":[{"count":0,"href":"https:\/\/elinformante.mx\/index.php?rest_route=\/wp\/v2\/posts\/46686\/revisions"}],"wp:featuredmedia":[{"embeddable":true,"href":"https:\/\/elinformante.mx\/index.php?rest_route=\/wp\/v2\/media\/46687"}],"wp:attachment":[{"href":"https:\/\/elinformante.mx\/index.php?rest_route=%2Fwp%2Fv2%2Fmedia&parent=46686"}],"wp:term":[{"taxonomy":"category","embeddable":true,"href":"https:\/\/elinformante.mx\/index.php?rest_route=%2Fwp%2Fv2%2Fcategories&post=46686"},{"taxonomy":"post_tag","embeddable":true,"href":"https:\/\/elinformante.mx\/index.php?rest_route=%2Fwp%2Fv2%2Ftags&post=46686"}],"curies":[{"name":"wp","href":"https:\/\/api.w.org\/{rel}","templated":true}]}}