{"id":46693,"date":"2024-02-08T05:28:40","date_gmt":"2024-02-08T11:28:40","guid":{"rendered":"https:\/\/elinformante.mx\/?p=46693"},"modified":"2024-02-08T05:28:41","modified_gmt":"2024-02-08T11:28:41","slug":"analizaran-en-parlamento-abierto-ley-de-movilidad-y-seguridad-vial","status":"publish","type":"post","link":"https:\/\/elinformante.mx\/?p=46693","title":{"rendered":"Analizar\u00e1n en Parlamento Abierto Ley de Movilidad y Seguridad Vial"},"content":{"rendered":"\n<blockquote class=\"wp-block-quote is-layout-flow wp-block-quote-is-layout-flow\">\n<p>El Congreso mexiquense prepara foros para el 15 y 16 de febrero en Toluca, Tlalnepantla, Texcoco y Nezahualc\u00f3yotl.<\/p>\n<\/blockquote>\n\n\n\n<p>Las Comisiones Unidas de Gobernaci\u00f3n y Puntos Constitucionales y de Comunicaciones y Transportes del Congreso local acordaron por unanimidad solicitar a la Junta de Coordinaci\u00f3n Pol\u00edtica la realizaci\u00f3n de foros para elaborar la Ley de Movilidad y Seguridad Vial del Estado de M\u00e9xico y sus Municipios, impulsada por los diputados Nazario Guti\u00e9rrez Mart\u00ednez y Adri\u00e1n Manuel Galicia Salceda, de Morena.<br><\/p>\n\n\n\n<p>En reuni\u00f3n de trabajo, las y los diputados analizaron la realizaci\u00f3n de cuatro foros, el 15 de febrero en la zona I Toluca en las Torres Bicentenario y en la zona II Tlalnepantla en el sal\u00f3n Claustro; as\u00ed como el 16 de febrero en la zona III Texcoco en la Casa de Cultura y en la zona IV Nezahualc\u00f3yotl en el Centro Plurifuncional en los que esperan la participaci\u00f3n del sector transportista y de la poblaci\u00f3n en general.<br><\/p>\n\n\n\n<p>El diputado Nazario Guti\u00e9rrez, quien presidi\u00f3 la reuni\u00f3n, explic\u00f3 que los foros enriquecer\u00e1n el proyecto de Ley de Movilidad y Seguridad Vial del Estado de M\u00e9xico y sus Municipios para armonizar la normatividad local con la ley general en la materia, y las fechas fueron consensadas con la secretar\u00eda de Movilidad y con la gobernadora Delfina G\u00f3mez \u00c1lvarez, mientras que las Comisiones Unidas se reunir\u00e1n la pr\u00f3xima semana para analizar los detalles del calendario y acordar la publicaci\u00f3n de la convocatoria.<br><\/p>\n\n\n\n<p>En su momento, el diputado Jorge Garc\u00eda S\u00e1nchez (Morena) se pronunci\u00f3 por una ley inclusiva que garantice a todas las personas, particularmente las integrantes de grupos vulnerables, ni\u00f1as, ni\u00f1os, adolescentes, personas mayores y con discapacidad, el ejercicio pleno de su derecho a la movilidad y exenten el pago del transporte p\u00fablico, en el marco de una pol\u00edtica social.<br><\/p>\n\n\n\n<p>Durante la reuni\u00f3n, se dio a conocer que sigue pendiente el estudio de ocho iniciativas de las bancadas de Morena, PAN, PVEM y MC en materia de armonizaci\u00f3n de la Ley de Movilidad y Seguridad del Estado de M\u00e9xico y sus Municipios con la ley general en la materia; regular la expedici\u00f3n de las licencias permanentes de automovilista y motociclista; implementar la licencia integral; tarifas preferenciales en el transporte p\u00fablico para grupos vulnerables; y armonizar los principios que rigen la movilidad; adem\u00e1s de que la bancada del PRI prepara otras propuestas.<\/p>\n","protected":false},"excerpt":{"rendered":"<p>El Congreso mexiquense prepara foros para el 15 y 16 de febrero en Toluca, Tlalnepantla, Texcoco y Nezahualc\u00f3yotl. Las Comisiones Unidas de Gobernaci\u00f3n y Puntos Constitucionales y de Comunicaciones y Transportes del Congreso local acordaron por unanimidad solicitar a la Junta de Coordinaci\u00f3n Pol\u00edtica la realizaci\u00f3n de foros para elaborar la Ley de Movilidad y [&hellip;]<\/p>\n","protected":false},"author":1,"featured_media":46694,"comment_status":"closed","ping_status":"closed","sticky":false,"template":"","format":"standard","meta":{"footnotes":""},"categories":[30,36],"tags":[],"class_list":["post-46693","post","type-post","status-publish","format-standard","has-post-thumbnail","hentry","category-destacado","category-edomex"],"_links":{"self":[{"href":"https:\/\/elinformante.mx\/index.php?rest_route=\/wp\/v2\/posts\/46693","targetHints":{"allow":["GET"]}}],"collection":[{"href":"https:\/\/elinformante.mx\/index.php?rest_route=\/wp\/v2\/posts"}],"about":[{"href":"https:\/\/elinformante.mx\/index.php?rest_route=\/wp\/v2\/types\/post"}],"author":[{"embeddable":true,"href":"https:\/\/elinformante.mx\/index.php?rest_route=\/wp\/v2\/users\/1"}],"replies":[{"embeddable":true,"href":"https:\/\/elinformante.mx\/index.php?rest_route=%2Fwp%2Fv2%2Fcomments&post=46693"}],"version-history":[{"count":0,"href":"https:\/\/elinformante.mx\/index.php?rest_route=\/wp\/v2\/posts\/46693\/revisions"}],"wp:featuredmedia":[{"embeddable":true,"href":"https:\/\/elinformante.mx\/index.php?rest_route=\/wp\/v2\/media\/46694"}],"wp:attachment":[{"href":"https:\/\/elinformante.mx\/index.php?rest_route=%2Fwp%2Fv2%2Fmedia&parent=46693"}],"wp:term":[{"taxonomy":"category","embeddable":true,"href":"https:\/\/elinformante.mx\/index.php?rest_route=%2Fwp%2Fv2%2Fcategories&post=46693"},{"taxonomy":"post_tag","embeddable":true,"href":"https:\/\/elinformante.mx\/index.php?rest_route=%2Fwp%2Fv2%2Ftags&post=46693"}],"curies":[{"name":"wp","href":"https:\/\/api.w.org\/{rel}","templated":true}]}}