{"id":46741,"date":"2024-02-08T06:10:02","date_gmt":"2024-02-08T12:10:02","guid":{"rendered":"https:\/\/elinformante.mx\/?p=46741"},"modified":"2024-02-08T06:10:04","modified_gmt":"2024-02-08T12:10:04","slug":"osmar-olvera-gana-bronce-en-trampolin-de-3-metros-en-el-campeonato-mundial","status":"publish","type":"post","link":"https:\/\/elinformante.mx\/?p=46741","title":{"rendered":"Osmar Olvera gana bronce en trampol\u00edn de 3 metros en el Campeonato Mundial"},"content":{"rendered":"\n<blockquote class=\"wp-block-quote is-layout-flow wp-block-quote-is-layout-flow\">\n<p>El clavadista mexicano nuevamente puso en alto el nombre de M\u00e9xico tras quedar en tercer lugar en la prueba.<\/p>\n<\/blockquote>\n\n\n\n<p>El clavadista Osmar Olvera volvi\u00f3 a subir al podio en el Campeonato Mundial de Doha 2024 al ganar bronce en el trampol\u00edn de 3 metros; el mexicano mantuvo su buena racha de meterse en zona de medallas en cada una de las competencias en las que participa y, a poco menos de seis meses del arranque de los Juegos Ol\u00edmpicos, se consolida como una de las cartas fuertes de la delegaci\u00f3n.<br><\/p>\n\n\n\n<p>Firme en su deseo de desafiar cada vez que puede a los clavadistas chinos, casi siempre invencibles, Osmar Olvera lleg\u00f3 a Doha con el aliciente del subcampeonato mundial conseguido en Fukuoka, hace apenas unos meses.<br><\/p>\n\n\n\n<p>El clavadista mexicano pele\u00f3 salto a salto por los primeros puestos, con una s\u00f3lida actuaci\u00f3n en casi todas sus ejecuciones, sobre todo las \u00faltimas dos. El \u00fanico parpadeo lleg\u00f3 en su tercer clavado, al promediar 68.40 unidades, un puntaje que lo sac\u00f3 de la lucha por el oro y la plata, y ya se sabe que ante los rivales chinos no se pueden permitir errores.<br><\/p>\n\n\n\n<figure class=\"wp-block-image size-large\"><img fetchpriority=\"high\" decoding=\"async\" width=\"1024\" height=\"503\" src=\"https:\/\/elinformante.mx\/wp-content\/uploads\/2024\/02\/OSMAR-OLVERA-2-1024x503.jpg\" alt=\"\" class=\"wp-image-46743\" srcset=\"https:\/\/elinformante.mx\/wp-content\/uploads\/2024\/02\/OSMAR-OLVERA-2-1024x503.jpg 1024w, https:\/\/elinformante.mx\/wp-content\/uploads\/2024\/02\/OSMAR-OLVERA-2-300x147.jpg 300w, https:\/\/elinformante.mx\/wp-content\/uploads\/2024\/02\/OSMAR-OLVERA-2-768x377.jpg 768w, https:\/\/elinformante.mx\/wp-content\/uploads\/2024\/02\/OSMAR-OLVERA-2-580x285.jpg 580w, https:\/\/elinformante.mx\/wp-content\/uploads\/2024\/02\/OSMAR-OLVERA-2-860x422.jpg 860w, https:\/\/elinformante.mx\/wp-content\/uploads\/2024\/02\/OSMAR-OLVERA-2.jpg 1140w\" sizes=\"(max-width: 1024px) 100vw, 1024px\" \/><\/figure>\n\n\n\n<p>Aun as\u00ed, Osmar mantuvo el temple y volvi\u00f3 con fuerza para cerrar la competencia y sumar un total de 498.40 puntos, muy separado del resto de los competidores. El oro se lo agenci\u00f3 Zongyuan Wang, con 538.70, mientras que la plata fue para Slyi Xie, con 516.10 puntos.<br><\/p>\n\n\n\n<p>La medalla de bronce aumenta la racha del clavadista mexicano en eventos internacionales. Hace algunos meses, en el Campeonato Mundial de Fukuoka, Osmar gan\u00f3 la plata en el trampol\u00edn de 1m y el trampol\u00edn de 3m. Poco m\u00e1s tarde, el joven atleta se consolid\u00f3 como la figura de los Juegos Panamericanos de Santiago 2023 al ganar tres medallas de oro. En Doha, finalmente, se coron\u00f3 como campe\u00f3n del mundo en el trampol\u00edn de 1 metro y gan\u00f3 este bronce, en la prueba ol\u00edmpica, un buen augurio de cara a lo que ocurrir\u00e1 en los Juegos Ol\u00edmpicos de Par\u00eds 2024.<br><\/p>\n\n\n\n<p>El mexicano ya cuenta con la plaza en las dos pruebas que puede competir, en individual y en los sincronizados, donde consigui\u00f3 el cupo en este Mundial, al culminar en el cuarto puesto junto a su compa\u00f1ero Rodrigo Diego.<\/p>\n","protected":false},"excerpt":{"rendered":"<p>El clavadista mexicano nuevamente puso en alto el nombre de M\u00e9xico tras quedar en tercer lugar en la prueba. El clavadista Osmar Olvera volvi\u00f3 a subir al podio en el Campeonato Mundial de Doha 2024 al ganar bronce en el trampol\u00edn de 3 metros; el mexicano mantuvo su buena racha de meterse en zona de [&hellip;]<\/p>\n","protected":false},"author":1,"featured_media":46742,"comment_status":"closed","ping_status":"closed","sticky":false,"template":"","format":"standard","meta":{"footnotes":""},"categories":[38],"tags":[],"class_list":["post-46741","post","type-post","status-publish","format-standard","has-post-thumbnail","hentry","category-deportes"],"_links":{"self":[{"href":"https:\/\/elinformante.mx\/index.php?rest_route=\/wp\/v2\/posts\/46741","targetHints":{"allow":["GET"]}}],"collection":[{"href":"https:\/\/elinformante.mx\/index.php?rest_route=\/wp\/v2\/posts"}],"about":[{"href":"https:\/\/elinformante.mx\/index.php?rest_route=\/wp\/v2\/types\/post"}],"author":[{"embeddable":true,"href":"https:\/\/elinformante.mx\/index.php?rest_route=\/wp\/v2\/users\/1"}],"replies":[{"embeddable":true,"href":"https:\/\/elinformante.mx\/index.php?rest_route=%2Fwp%2Fv2%2Fcomments&post=46741"}],"version-history":[{"count":0,"href":"https:\/\/elinformante.mx\/index.php?rest_route=\/wp\/v2\/posts\/46741\/revisions"}],"wp:featuredmedia":[{"embeddable":true,"href":"https:\/\/elinformante.mx\/index.php?rest_route=\/wp\/v2\/media\/46742"}],"wp:attachment":[{"href":"https:\/\/elinformante.mx\/index.php?rest_route=%2Fwp%2Fv2%2Fmedia&parent=46741"}],"wp:term":[{"taxonomy":"category","embeddable":true,"href":"https:\/\/elinformante.mx\/index.php?rest_route=%2Fwp%2Fv2%2Fcategories&post=46741"},{"taxonomy":"post_tag","embeddable":true,"href":"https:\/\/elinformante.mx\/index.php?rest_route=%2Fwp%2Fv2%2Ftags&post=46741"}],"curies":[{"name":"wp","href":"https:\/\/api.w.org\/{rel}","templated":true}]}}