{"id":46745,"date":"2024-02-08T06:12:01","date_gmt":"2024-02-08T12:12:01","guid":{"rendered":"https:\/\/elinformante.mx\/?p=46745"},"modified":"2024-02-08T06:12:42","modified_gmt":"2024-02-08T12:12:42","slug":"morenista-benjamin-saul-huerta-ira-22-anos-a-la-carcel-por-violacion","status":"publish","type":"post","link":"https:\/\/elinformante.mx\/?p=46745","title":{"rendered":"Morenista Benjam\u00edn Sa\u00fal Huerta ir\u00e1 22 a\u00f1os a la c\u00e1rcel por violaci\u00f3n"},"content":{"rendered":"\n<blockquote class=\"wp-block-quote is-layout-flow wp-block-quote-is-layout-flow\">\n<p>El Tribunal de Enjuiciamiento del Estado de Puebla encontr\u00f3 al diputado penalmente responsable de dicho il\u00edcito.<\/p>\n<\/blockquote>\n\n\n\n<p>El diputado Benjam\u00edn Sa\u00fal Huerta, recibi\u00f3 sentencia de 22 a\u00f1os de c\u00e1rcel por el delito de violaci\u00f3n en agravio de un menor de edad, en hechos ocurridos en el Estado de Puebla, aunque ahora la v\u00edctima radica en Estados Unidos por amenazas en su contra y a su familia.<br><\/p>\n\n\n\n<p>El Tribunal de Enjuiciamiento del Estado de Puebla lo encontr\u00f3 penalmente responsable de dicho il\u00edcito, por lo que no tendr\u00e1 sustitutivo de la pena y se estima que salga de prisi\u00f3n en 2046, pero eso no ser\u00e1 posible toda vez que tiene en su contra otros dos procesos por agresi\u00f3n sexual.<br><\/p>\n\n\n\n<p>El perfil del legislador morenista es considerado, por familiares de las v\u00edctimas, como un ped\u00f3filo y violador serial, ya que atac\u00f3 a 4 j\u00f3venes, cuando eran menores de edad, de entre 13 y 16 a\u00f1os.<br><\/p>\n\n\n\n<p>El asesor jur\u00eddico del afectado que lo denunci\u00f3 en Puebla, Te\u00f3filo Ben\u00edtez Granados, explic\u00f3 que se hizo un acto de justicia, por la obtenci\u00f3n de dicha condena, aunque esa no es considerada suficiente para resarcir el da\u00f1o, por lo que en breve presentar\u00e1 una apelaci\u00f3n, ante el Tribunal de Segunda Instancia, para que se le duplique la sentencia.<br><\/p>\n\n\n\n<p>\u201cDespu\u00e9s de m\u00e1s de un a\u00f1o de lucha se logr\u00f3 que el diputado por Morena, Sa\u00fal Benjam\u00edn Huerta Corona, fuera condenado a 22 a\u00f1os de prisi\u00f3n por un Tribunal de Enjuiciamiento, por el delito de violaci\u00f3n. Sin embargo, no estamos satisfechos con eso y apelaremos para que se pueda incrementar la sentencia hasta 40 a\u00f1os, y las v\u00edctimas puedan recibir un poco de justicia, por haberse afectado de manera permanente la vida de las v\u00edctimas\u201d, se\u00f1al\u00f3 el penalista.<br><\/p>\n\n\n\n<p>Al igual que esa v\u00edctima, las otras tres ten\u00edan el mismo perfil de escasos recursos y por ello, explic\u00f3 el penalista Te\u00f3filo Ben\u00edtez Granados, se aprovechaba Benjam\u00edn Sa\u00fal Huerta de esa situaci\u00f3n para abusar de los adolescentes.<br><\/p>\n\n\n\n<p>Benjam\u00edn Sa\u00fal Huerta era diputado de Morena cuando ocurrieron los hechos y aun as\u00ed ejerci\u00f3 violencia sexual contra un adolescente en un hotel de la colonia Ju\u00e1rez, en la ciudad de M\u00e9xico. Por eso, el afectado solicit\u00f3 la intervenci\u00f3n de la polic\u00eda y el morenista fue detenido y procesado ante la autoridad judicial.<br><\/p>\n\n\n\n<p>Este hecho deton\u00f3 m\u00e1s casos de la misma naturaleza criminal y uno de esos es el que sentenci\u00f3 el Poder Judicial de Puebla, imponiendo una condena de m\u00e1s de dos d\u00e9cadas de c\u00e1rcel, las cu\u00e1les moment\u00e1neamente cumplir\u00e1 en el Sistema Penitenciario de la Ciudad de M\u00e9xico, hasta en tanto concluyan los diferentes procesos en lo que est\u00e1 relacionado.<br><\/p>\n\n\n\n<p>El Tribunal de Enjuiciamiento tambi\u00e9n impuso a Benjam\u00edn Sa\u00fal Huerta una cantidad econ\u00f3mica como parte de la reparaci\u00f3n del da\u00f1o y otra para subsanar los gastos derivado de las terapias psicol\u00f3gicas a la v\u00edctima para superar el trauma que le caus\u00f3 dicha violaci\u00f3n.<br><\/p>\n\n\n\n<p>El juicio 0126\/2023\/JO\/CENTRO se extendi\u00f3 2 a\u00f1os 10 meses, tiempo en que la asesor\u00eda jur\u00eddica del afectado recab\u00f3 y expuso pruebas para sustentar la acusaci\u00f3n y demostrar la violaci\u00f3n ocurrida en unos ba\u00f1os de temazcal de Puebla.<br><\/p>\n\n\n\n<p>Durante el desahogo de pruebas ante el tribunal, qued\u00f3 en evidencia que Benjam\u00edn Sa\u00fal utilizaba sustancias t\u00f3xicas y bebidas embriagantes para facilitar su objetivo.<\/p>\n","protected":false},"excerpt":{"rendered":"<p>El Tribunal de Enjuiciamiento del Estado de Puebla encontr\u00f3 al diputado penalmente responsable de dicho il\u00edcito. El diputado Benjam\u00edn Sa\u00fal Huerta, recibi\u00f3 sentencia de 22 a\u00f1os de c\u00e1rcel por el delito de violaci\u00f3n en agravio de un menor de edad, en hechos ocurridos en el Estado de Puebla, aunque ahora la v\u00edctima radica en Estados [&hellip;]<\/p>\n","protected":false},"author":1,"featured_media":46746,"comment_status":"closed","ping_status":"closed","sticky":false,"template":"","format":"standard","meta":{"footnotes":""},"categories":[36,37],"tags":[],"class_list":["post-46745","post","type-post","status-publish","format-standard","has-post-thumbnail","hentry","category-edomex","category-justicia"],"_links":{"self":[{"href":"https:\/\/elinformante.mx\/index.php?rest_route=\/wp\/v2\/posts\/46745","targetHints":{"allow":["GET"]}}],"collection":[{"href":"https:\/\/elinformante.mx\/index.php?rest_route=\/wp\/v2\/posts"}],"about":[{"href":"https:\/\/elinformante.mx\/index.php?rest_route=\/wp\/v2\/types\/post"}],"author":[{"embeddable":true,"href":"https:\/\/elinformante.mx\/index.php?rest_route=\/wp\/v2\/users\/1"}],"replies":[{"embeddable":true,"href":"https:\/\/elinformante.mx\/index.php?rest_route=%2Fwp%2Fv2%2Fcomments&post=46745"}],"version-history":[{"count":0,"href":"https:\/\/elinformante.mx\/index.php?rest_route=\/wp\/v2\/posts\/46745\/revisions"}],"wp:featuredmedia":[{"embeddable":true,"href":"https:\/\/elinformante.mx\/index.php?rest_route=\/wp\/v2\/media\/46746"}],"wp:attachment":[{"href":"https:\/\/elinformante.mx\/index.php?rest_route=%2Fwp%2Fv2%2Fmedia&parent=46745"}],"wp:term":[{"taxonomy":"category","embeddable":true,"href":"https:\/\/elinformante.mx\/index.php?rest_route=%2Fwp%2Fv2%2Fcategories&post=46745"},{"taxonomy":"post_tag","embeddable":true,"href":"https:\/\/elinformante.mx\/index.php?rest_route=%2Fwp%2Fv2%2Ftags&post=46745"}],"curies":[{"name":"wp","href":"https:\/\/api.w.org\/{rel}","templated":true}]}}