{"id":46768,"date":"2024-02-08T06:40:51","date_gmt":"2024-02-08T12:40:51","guid":{"rendered":"https:\/\/elinformante.mx\/?p=46768"},"modified":"2024-02-08T06:41:24","modified_gmt":"2024-02-08T12:41:24","slug":"superficie-de-la-mariposa-monarca-en-mexico-cayo-59-3-respecto-de-2023","status":"publish","type":"post","link":"https:\/\/elinformante.mx\/?p=46768","title":{"rendered":"Superficie de la mariposa monarca en M\u00e9xico cay\u00f3 59.3% respecto de 2023"},"content":{"rendered":"\n<blockquote class=\"wp-block-quote is-layout-flow wp-block-quote-is-layout-flow\">\n<p>Informe revela que hay tres grandes causas para la disminuci\u00f3n de la superficie de la mariposa monarca en M\u00e9xico, empezando por el cambio clim\u00e1tico.<\/p>\n<\/blockquote>\n\n\n\n<p>La superficie que la mariposa monarca ocup\u00f3 esta temporada de invierno 2023-2024 en M\u00e9xico fue de 0.9 hect\u00e1reas, lo que significa una ca\u00edda del 59.3 por ciento respecto de la que ocup\u00f3 en 2023, apunt\u00f3 la Directora General de Conservaci\u00f3n, Gloria Tavera.<br><\/p>\n\n\n\n<p>En una conferencia de prensa en la sede de la Secretar\u00eda de Medio Ambiente y Recursos Naturales (Semarnat), se present\u00f3 el informe que detalla el monitoreo de la especie en peligro de extinci\u00f3n durante su estancia en M\u00e9xico, elaborado en colaboraci\u00f3n con la Comisi\u00f3n Nacional de \u00c1reas Naturales Protegidas (Conanp) y el Fondo Mundial para la Naturaleza (WWF, en ingl\u00e9s).<br><\/p>\n\n\n\n<p>Cifras similares se registraron en la temporada 2013-2014, con 0.67 hect\u00e1reas ocupadas por la mariposa monarca, lo que supuso el \u201ca\u00f1o m\u00e1s cr\u00edtico\u201d para el polinizador, en palabras del titular de Conanp, Humberto Ad\u00e1n Pe\u00f1a.<br><\/p>\n\n\n\n<p>Estos polinizadores migran desde Canad\u00e1 y Estados Unidos hasta M\u00e9xico, donde llegan en noviembre y permanecen hasta marzo aproximadamente de cada a\u00f1o, un fen\u00f3meno migratorio que fue designado en 2008 como Patrimonio Mundial de la Humanidad.<br><\/p>\n\n\n\n<p>En M\u00e9xico, las mariposas monarca, conocidas por el brillante color anaranjado de sus alas, atravesadas por venas negras y plasmadas de peque\u00f1as manchas blancas en los bordes de las mismas, permanecen en los bosques monta\u00f1osos de los estados de Michoac\u00e1n y Estado de M\u00e9xico.<br><\/p>\n\n\n\n<p>Este a\u00f1o, las colonias m\u00e1s grandes se detectaron fuera de la Reserva de la Biosfera Mariposa Monarca (RBMM), ubicada en Michoac\u00e1n, lo que significa, para los organismos p\u00fablicos, que tan necesario es cuidar este entorno como los clasificados de \u00c1reas Naturales Protegidas de la Regi\u00f3n de la Monarca.<br><\/p>\n\n\n\n<p>Tavera apunt\u00f3 las tres grandes causas de esta disminuci\u00f3n, cuya influencia sobre la especie \u201cha aumentado\u201d a lo largo de los a\u00f1os.<br><\/p>\n\n\n\n<p>\u201cMucho tienen que ver con el cambio clim\u00e1tico\u201d, advirti\u00f3, pues la sequ\u00eda y las altas temperaturas en los h\u00e1bitats reproductivos de la mariposa monarca, ubicados en Canad\u00e1 y Estados Unidos, han alterado su flujo migratorio.<br><\/p>\n\n\n\n<p>Destac\u00f3 los estragos que el uso de herbicidas y plaguicidas qu\u00edmicos est\u00e1 causando en la monarca, tanto porque provocan una \u201cdisminuci\u00f3n del h\u00e1bitat\u201d como porque enferman a los polinizadores.<br><\/p>\n\n\n\n<p>La directora mencion\u00f3, tambi\u00e9n, la degradaci\u00f3n que sufren los espacios de hibernaci\u00f3n de la mariposa debido a la sequ\u00eda y al estr\u00e9s h\u00eddrico.<br><\/p>\n\n\n\n<p>Ante esta radiograf\u00eda, Pe\u00f1a subray\u00f3 la importancia del trabajo conjunto en la regi\u00f3n norteamericana, conformada por Canad\u00e1, Estados Unidos y M\u00e9xico, y los anim\u00f3 a actualizar los planes de acci\u00f3n actuales bajo una \u201cpol\u00edtica norteamericana de protecci\u00f3n\u201d de la mariposa monarca.<br><\/p>\n\n\n\n<p>Pidi\u00f3 tomar medidas respecto al uso de sustancias qu\u00edmicas en la agricultura, algo que ya se hizo en M\u00e9xico en 2020 v\u00eda decreto presidencial, as\u00ed como monitorear el impacto de la crisis clim\u00e1tica en todo el recorrido migratorio de la mariposa.<br><\/p>\n\n\n\n<p>Finalmente, los representantes de Estados Unidos y de Canad\u00e1 se mostraron esperanzados a pesar de las cifras actuales, pues detectan un esfuerzo de conservaci\u00f3n \u201cenorme\u201d entre la sociedad y los organismos p\u00fablicos.<\/p>\n","protected":false},"excerpt":{"rendered":"<p>Informe revela que hay tres grandes causas para la disminuci\u00f3n de la superficie de la mariposa monarca en M\u00e9xico, empezando por el cambio clim\u00e1tico. La superficie que la mariposa monarca ocup\u00f3 esta temporada de invierno 2023-2024 en M\u00e9xico fue de 0.9 hect\u00e1reas, lo que significa una ca\u00edda del 59.3 por ciento respecto de la que [&hellip;]<\/p>\n","protected":false},"author":1,"featured_media":46769,"comment_status":"closed","ping_status":"closed","sticky":false,"template":"","format":"standard","meta":{"footnotes":""},"categories":[34],"tags":[],"class_list":["post-46768","post","type-post","status-publish","format-standard","has-post-thumbnail","hentry","category-nacional"],"_links":{"self":[{"href":"https:\/\/elinformante.mx\/index.php?rest_route=\/wp\/v2\/posts\/46768","targetHints":{"allow":["GET"]}}],"collection":[{"href":"https:\/\/elinformante.mx\/index.php?rest_route=\/wp\/v2\/posts"}],"about":[{"href":"https:\/\/elinformante.mx\/index.php?rest_route=\/wp\/v2\/types\/post"}],"author":[{"embeddable":true,"href":"https:\/\/elinformante.mx\/index.php?rest_route=\/wp\/v2\/users\/1"}],"replies":[{"embeddable":true,"href":"https:\/\/elinformante.mx\/index.php?rest_route=%2Fwp%2Fv2%2Fcomments&post=46768"}],"version-history":[{"count":0,"href":"https:\/\/elinformante.mx\/index.php?rest_route=\/wp\/v2\/posts\/46768\/revisions"}],"wp:featuredmedia":[{"embeddable":true,"href":"https:\/\/elinformante.mx\/index.php?rest_route=\/wp\/v2\/media\/46769"}],"wp:attachment":[{"href":"https:\/\/elinformante.mx\/index.php?rest_route=%2Fwp%2Fv2%2Fmedia&parent=46768"}],"wp:term":[{"taxonomy":"category","embeddable":true,"href":"https:\/\/elinformante.mx\/index.php?rest_route=%2Fwp%2Fv2%2Fcategories&post=46768"},{"taxonomy":"post_tag","embeddable":true,"href":"https:\/\/elinformante.mx\/index.php?rest_route=%2Fwp%2Fv2%2Ftags&post=46768"}],"curies":[{"name":"wp","href":"https:\/\/api.w.org\/{rel}","templated":true}]}}