{"id":46772,"date":"2024-02-08T06:42:17","date_gmt":"2024-02-08T12:42:17","guid":{"rendered":"https:\/\/elinformante.mx\/?p=46772"},"modified":"2024-02-08T06:42:18","modified_gmt":"2024-02-08T12:42:18","slug":"eleccion-del-2-de-junio-oportunidad-para-eventual-aprobacion-de-reformas-amlo","status":"publish","type":"post","link":"https:\/\/elinformante.mx\/?p=46772","title":{"rendered":"Elecci\u00f3n del 2 de junio, oportunidad para eventual aprobaci\u00f3n de reformas: AMLO"},"content":{"rendered":"\n<blockquote class=\"wp-block-quote is-layout-flow wp-block-quote-is-layout-flow\">\n<p>&nbsp;Viene una elecci\u00f3n en efecto, y \u00bfqu\u00e9 suceder\u00eda si los que apoyan la transformaci\u00f3n y los que quieren que se fortalezca el poder p\u00fablico?<\/p>\n<\/blockquote>\n\n\n\n<p>El presidente Andr\u00e9s Manuel L\u00f3pez Obrador indic\u00f3 que la elecci\u00f3n del pr\u00f3ximo 2 de junio es una oportunidad para que la ciudadan\u00eda opte por el proyecto de naci\u00f3n que apuesta por la transformaci\u00f3n y con ello se pueda dar el paso para la aprobaci\u00f3n de las 20 iniciativas de reforma que envi\u00f3 el lunes pasado al Congreso de la Uni\u00f3n.<br><\/p>\n\n\n\n<p>Ejemplific\u00f3 que recientemente en la Suprema Corte de Justicia de la Naci\u00f3n, en la segunda sala, por el voto del ministro Alberto P\u00e9rez Day\u00e1n, se dio atr\u00e1s a la ley de la industria el\u00e9ctrica, ante lo que subray\u00f3 que se justifica el juicio pol\u00edtico contra este ministro por tal decisi\u00f3n.<br><\/p>\n\n\n\n<p>As\u00ed lo plante\u00f3 el mandatario federal durante su ma\u00f1anera de este mi\u00e9rcoles ante preguntas en torno a las iniciativas de reforma que present\u00f3 el lunes pasado en el Recinto Parlamentario de Palacio Nacional.<br><\/p>\n\n\n\n<p>Expuso que el paquete de reformas \u201418 constitucionales y dos a leyes\u2014 recuperan el esp\u00edritu p\u00fablico de la Constituci\u00f3n de 1917.<br><\/p>\n\n\n\n<p>En el pr\u00f3ximo proceso electoral, plante\u00f3, la ciudadan\u00eda tendr\u00e1 la opci\u00f3n de elegir por dos proyectos: \u201c\u00bfQu\u00e9 quieren? \u00bfQue sean las empresas privadas las que dominen? \u00bfLas que tengan como llaverito a los funcionarios p\u00fablicos, peleles, t\u00edteres y que todo sea una farsa? \u00bfY que el poder de los poderes sea la oligarqu\u00eda? \u00bfToda una simulaci\u00f3n? \u00bfO que haya una aut\u00e9ntica democracia, un aut\u00e9ntico estado de derecho, donde sea el pueblo el que mande, el que decida? Pues s\u00ed, viene la elecci\u00f3n. \u00a1Es una oportunidad!\u201d.<br><\/p>\n\n\n\n<p>Record\u00f3 que la Constituci\u00f3n de 1917 recuper\u00f3 los ideales y demandas del movimiento de Revoluci\u00f3n que inici\u00f3 en 1910.<br><\/p>\n\n\n\n<p>\u201cEstamos hablando de la revoluci\u00f3n social m\u00e1s importante del mundo y de una de las constituciones m\u00e1s avanzadas socialmente en el mundo que ha sido reformada en los \u00faltimos 36 a\u00f1os de neoliberalismo para quitarle toda su esencia social y para legalizar, legitimar el robo, el saqueo y para justificar la opresi\u00f3n al pueblo. Entonces qu\u00e9 bueno que hay este debate\u201d.<br><\/p>\n\n\n\n<p>\u00bfPara qu\u00e9 son las elecciones? Es para recoger la opini\u00f3n del pueblo en todo sentido, no s\u00f3lo es para elegir al presidente, a la presidenta, al diputado, al senador, \u00a1no! Es que representamos proyectos de naci\u00f3n distintos, ya la gente va a saber si regresa la oligarqu\u00eda corrupta, toco madera, en esa posibilidad remota que est\u00e1 hasta el infinito y m\u00e1s all\u00e1. Entonces, \u00bfqu\u00e9 regresa? Esto que vimos, el castigo a los salarios, la corrupci\u00f3n, los enjuagues arriba. \u00bfQu\u00e9 regresa? El narco Estado -remarc\u00f3 el tabasque\u00f1o.<br><\/p>\n\n\n\n<p>Agreg\u00f3 que insisti\u00f3 en las iniciativas porque a lo largo de su sexenio intent\u00f3 modificar algunos de los temas que \u00e9stas abarcan, como la ley de la industria el\u00e9ctrica, y ya sea la oposici\u00f3n en el Congreso o desde el Poder Judicial, se echaron atr\u00e1s.<br><\/p>\n\n\n\n<p>Insisti\u00f3 que la reforma en esta materia que pretende se apruebe como parte de sus iniciativas es para tratar que se eleve al marco constitucional el que la Comisi\u00f3n Federal de Electricidad \u201cpueda desarrollarse, cumplir con su misi\u00f3n de abastecer de energ\u00eda el\u00e9ctrica a los consumidores a precios justos\u201d.<\/p>\n","protected":false},"excerpt":{"rendered":"<p>&nbsp;Viene una elecci\u00f3n en efecto, y \u00bfqu\u00e9 suceder\u00eda si los que apoyan la transformaci\u00f3n y los que quieren que se fortalezca el poder p\u00fablico? El presidente Andr\u00e9s Manuel L\u00f3pez Obrador indic\u00f3 que la elecci\u00f3n del pr\u00f3ximo 2 de junio es una oportunidad para que la ciudadan\u00eda opte por el proyecto de naci\u00f3n que apuesta por [&hellip;]<\/p>\n","protected":false},"author":1,"featured_media":46773,"comment_status":"closed","ping_status":"closed","sticky":false,"template":"","format":"standard","meta":{"footnotes":""},"categories":[34],"tags":[],"class_list":["post-46772","post","type-post","status-publish","format-standard","has-post-thumbnail","hentry","category-nacional"],"_links":{"self":[{"href":"https:\/\/elinformante.mx\/index.php?rest_route=\/wp\/v2\/posts\/46772","targetHints":{"allow":["GET"]}}],"collection":[{"href":"https:\/\/elinformante.mx\/index.php?rest_route=\/wp\/v2\/posts"}],"about":[{"href":"https:\/\/elinformante.mx\/index.php?rest_route=\/wp\/v2\/types\/post"}],"author":[{"embeddable":true,"href":"https:\/\/elinformante.mx\/index.php?rest_route=\/wp\/v2\/users\/1"}],"replies":[{"embeddable":true,"href":"https:\/\/elinformante.mx\/index.php?rest_route=%2Fwp%2Fv2%2Fcomments&post=46772"}],"version-history":[{"count":0,"href":"https:\/\/elinformante.mx\/index.php?rest_route=\/wp\/v2\/posts\/46772\/revisions"}],"wp:featuredmedia":[{"embeddable":true,"href":"https:\/\/elinformante.mx\/index.php?rest_route=\/wp\/v2\/media\/46773"}],"wp:attachment":[{"href":"https:\/\/elinformante.mx\/index.php?rest_route=%2Fwp%2Fv2%2Fmedia&parent=46772"}],"wp:term":[{"taxonomy":"category","embeddable":true,"href":"https:\/\/elinformante.mx\/index.php?rest_route=%2Fwp%2Fv2%2Fcategories&post=46772"},{"taxonomy":"post_tag","embeddable":true,"href":"https:\/\/elinformante.mx\/index.php?rest_route=%2Fwp%2Fv2%2Ftags&post=46772"}],"curies":[{"name":"wp","href":"https:\/\/api.w.org\/{rel}","templated":true}]}}