{"id":46786,"date":"2024-02-09T04:15:51","date_gmt":"2024-02-09T10:15:51","guid":{"rendered":"https:\/\/elinformante.mx\/?p=46786"},"modified":"2024-02-09T04:15:52","modified_gmt":"2024-02-09T10:15:52","slug":"el-ieem-se-enfoca-al-proceso-electoral-no-a-iniciativas-para-desaparecerlo","status":"publish","type":"post","link":"https:\/\/elinformante.mx\/?p=46786","title":{"rendered":"El IEEM se enfoca al proceso electoral, no a iniciativas para desaparecerlo"},"content":{"rendered":"\n<blockquote class=\"wp-block-quote is-layout-flow wp-block-quote-is-layout-flow\">\n<p>Para Amalia Pulido, Consejera Presidenta del organismo electoral, lo importante es fortalecer el marco democr\u00e1tico en el pa\u00eds.<\/p>\n<\/blockquote>\n\n\n\n<p>Amalia Pulido, Consejera Presidenta del Instituto Electoral del Estado de M\u00e9xico (IEEM), fue clara al se\u00f1alar que se mantiene y se mantendr\u00e1 una relaci\u00f3n de cordialidad y coordinaci\u00f3n con el Ejecutivo, y las dependencias del Estado.<br><\/p>\n\n\n\n<p>Ello al ser cuestionada respecto al paquete de 20 iniciativas enviadas por el Presidente de M\u00e9xico al Congreso para una reforma electoral, donde se incluyen modificaciones a 18 art\u00edculos de la Constituci\u00f3n, con lo cual, desaparecen los Organismos P\u00fablicos Locales (OPLEs) y centraliza las elecciones locales y federales en el nuevo instituto, por lo que desaparecer\u00eda en el caso de nuestra entidad, el Instituto Electoral del Estado de M\u00e9xico (IEEM).<br><\/p>\n\n\n\n<p>Amalia Pulido de entrada afirm\u00f3 que los Organismos P\u00fablicos Locales Electorales (OPLEs) abonan mucho a la vida democr\u00e1tica, que ello se ha patentizado en Consejo General, ya que \u2013 dijo &#8211; las mejores pr\u00e1cticas en materia electoral generalmente vienen desde lo local, entonces esa ser\u00eda mi postura al respecto.<br><\/p>\n\n\n\n<p>Destac\u00f3 que en el IEEM se encuentran concentrados en el proceso electoral del 2 de junio.<br><\/p>\n\n\n\n<p>\u201cAhorita estamos muy ocupados en organizar este proceso electoral, entonces mi principal responsabilidad y objetivo es que el pr\u00f3ximo 2 de junio, todas y todos los mexiquenses tengan una boleta para votar, y que se den las condiciones que seguro se van a dar, para que todas y todos ejerzan sus derechos pol\u00edtico electorales; la verdad ahorita por lo que refiere a este Instituto, estamos con toda nuestra energ\u00eda puesta en el proceso electoral\u201d.<\/p>\n","protected":false},"excerpt":{"rendered":"<p>Para Amalia Pulido, Consejera Presidenta del organismo electoral, lo importante es fortalecer el marco democr\u00e1tico en el pa\u00eds. Amalia Pulido, Consejera Presidenta del Instituto Electoral del Estado de M\u00e9xico (IEEM), fue clara al se\u00f1alar que se mantiene y se mantendr\u00e1 una relaci\u00f3n de cordialidad y coordinaci\u00f3n con el Ejecutivo, y las dependencias del Estado. Ello [&hellip;]<\/p>\n","protected":false},"author":1,"featured_media":46787,"comment_status":"closed","ping_status":"closed","sticky":false,"template":"","format":"standard","meta":{"footnotes":""},"categories":[30,36],"tags":[],"class_list":["post-46786","post","type-post","status-publish","format-standard","has-post-thumbnail","hentry","category-destacado","category-edomex"],"_links":{"self":[{"href":"https:\/\/elinformante.mx\/index.php?rest_route=\/wp\/v2\/posts\/46786","targetHints":{"allow":["GET"]}}],"collection":[{"href":"https:\/\/elinformante.mx\/index.php?rest_route=\/wp\/v2\/posts"}],"about":[{"href":"https:\/\/elinformante.mx\/index.php?rest_route=\/wp\/v2\/types\/post"}],"author":[{"embeddable":true,"href":"https:\/\/elinformante.mx\/index.php?rest_route=\/wp\/v2\/users\/1"}],"replies":[{"embeddable":true,"href":"https:\/\/elinformante.mx\/index.php?rest_route=%2Fwp%2Fv2%2Fcomments&post=46786"}],"version-history":[{"count":0,"href":"https:\/\/elinformante.mx\/index.php?rest_route=\/wp\/v2\/posts\/46786\/revisions"}],"wp:featuredmedia":[{"embeddable":true,"href":"https:\/\/elinformante.mx\/index.php?rest_route=\/wp\/v2\/media\/46787"}],"wp:attachment":[{"href":"https:\/\/elinformante.mx\/index.php?rest_route=%2Fwp%2Fv2%2Fmedia&parent=46786"}],"wp:term":[{"taxonomy":"category","embeddable":true,"href":"https:\/\/elinformante.mx\/index.php?rest_route=%2Fwp%2Fv2%2Fcategories&post=46786"},{"taxonomy":"post_tag","embeddable":true,"href":"https:\/\/elinformante.mx\/index.php?rest_route=%2Fwp%2Fv2%2Ftags&post=46786"}],"curies":[{"name":"wp","href":"https:\/\/api.w.org\/{rel}","templated":true}]}}