{"id":46793,"date":"2024-02-09T04:22:41","date_gmt":"2024-02-09T10:22:41","guid":{"rendered":"https:\/\/elinformante.mx\/?p=46793"},"modified":"2024-02-09T04:22:42","modified_gmt":"2024-02-09T10:22:42","slug":"300-ninas-y-ninos-reciben-aula-construida-por-el-voluntariado-del-pjedomex","status":"publish","type":"post","link":"https:\/\/elinformante.mx\/?p=46793","title":{"rendered":"300 ni\u00f1as y ni\u00f1os reciben aula construida por el Voluntariado del PJEdom\u00e9x"},"content":{"rendered":"\n<blockquote class=\"wp-block-quote is-layout-flow wp-block-quote-is-layout-flow\">\n<p>Decenas de servidores judiciales participaron en la construcci\u00f3n.<\/p>\n<\/blockquote>\n\n\n\n<p>\u201cLa educaci\u00f3n es un derecho y tenemos que ejercerlo en un entorno digno\u201d, comparti\u00f3 Sof\u00eda Sodi Zapfe, Coordinadora Ejecutiva del Voluntariado del PJEdom\u00e9x al entregar formalmente el aula construida con la participaci\u00f3n de voluntarias y voluntarios, en beneficio de 300 ni\u00f1as y ni\u00f1os de la Escuela Primaria \u201cGeneral L\u00e1zaro C\u00e1rdenas\u201d de Tlacuitlapa, Santiago Tianguistenco.<br><\/p>\n\n\n\n<p>En el evento, la Coordinadora y el titular del Poder Judicial del Estado de M\u00e9xico, Ricardo Sodi Cuellar, cortaron el list\u00f3n y develaron la placa del espacio que ser\u00e1 habilitado como comedor, y del aula de medios equipada con 15 computadoras, donadas gracias a la Rifa con Causa que se realiz\u00f3 el a\u00f1o pasado.<br><\/p>\n\n\n\n<p>Sodi Zapfe agradeci\u00f3 la generosidad, tiempo y compromiso de la comunidad que particip\u00f3 en las dos jornadas; destac\u00f3 el trabajo del titular del PJEdom\u00e9x por su liderazgo, as\u00ed como de las Consejeras de la Judicatura Astrid Avil\u00e9s Villena y Cristel Pozas Serano, quienes tambi\u00e9n cortaron el list\u00f3n inaugural. Adelant\u00f3 que este a\u00f1o se realizar\u00e1n m\u00e1s actividades, resultado de la suma de voluntades.<br><\/p>\n\n\n\n<figure class=\"wp-block-image size-large\"><img fetchpriority=\"high\" decoding=\"async\" width=\"1024\" height=\"503\" src=\"https:\/\/elinformante.mx\/wp-content\/uploads\/2024\/02\/300-NINOS-2-1024x503.jpg\" alt=\"\" class=\"wp-image-46795\" srcset=\"https:\/\/elinformante.mx\/wp-content\/uploads\/2024\/02\/300-NINOS-2-1024x503.jpg 1024w, https:\/\/elinformante.mx\/wp-content\/uploads\/2024\/02\/300-NINOS-2-300x147.jpg 300w, https:\/\/elinformante.mx\/wp-content\/uploads\/2024\/02\/300-NINOS-2-768x377.jpg 768w, https:\/\/elinformante.mx\/wp-content\/uploads\/2024\/02\/300-NINOS-2-580x285.jpg 580w, https:\/\/elinformante.mx\/wp-content\/uploads\/2024\/02\/300-NINOS-2-860x422.jpg 860w, https:\/\/elinformante.mx\/wp-content\/uploads\/2024\/02\/300-NINOS-2.jpg 1140w\" sizes=\"(max-width: 1024px) 100vw, 1024px\" \/><\/figure>\n\n\n\n<p>Agreg\u00f3 que el l\u00edmite no existe, al tiempo que destac\u00f3 el compromiso que tienen las y los maestros para seguirse capacitando, compartir conocimientos de calidad y aprovechar el aula de medios en la que ni\u00f1as y ni\u00f1os tendr\u00e1n acceso al uso de herramientas b\u00e1sicas de computaci\u00f3n, que les ayudar\u00e1n en su formaci\u00f3n acad\u00e9mica.<br><\/p>\n\n\n\n<p>Por su parte, el Magistrado Presidente felicit\u00f3 a la directora que gestion\u00f3 la ayuda del Voluntariado y reconoci\u00f3 la labor de los docentes. As\u00ed como subray\u00f3 la pasi\u00f3n que imprime el Voluntariado en sus actividades y a su Coordinadora Ejecutiva, como alguien que impulsa y hace que las cosas sucedan, expresando su deseo de que en Tlacuitlapa se formen mexiquenses de provecho que en el futuro sean profesionistas, brillantes y sirvan a su estado.<br><\/p>\n\n\n\n<p>La profesora, Magally Rivera Giles, encargada de la Direcci\u00f3n de la Escuela Primaria \u201cGeneral L\u00e1zaro C\u00e1rdenas\u201d agradeci\u00f3 a nombre de esta instituci\u00f3n, el apoyo del Tribunal Superior de Justicia a trav\u00e9s del Voluntariado, que asegur\u00f3 enriquecer\u00e1 el entorno de aprendizaje de las y los ni\u00f1os.<br><\/p>\n\n\n\n<p>Durante la actividad, la alumna Yaretzi Mariel Alc\u00e1ntara Nolasco entreg\u00f3 un reconocimiento a la Coordinadora Ejecutiva del Voluntariado; adem\u00e1s asistieron Roberto \u00d3scar Torres Montes, asesor tecnol\u00f3gico de la Zona Escolar B135 y Miriam Cazares Osorio, Presidenta de la Sociedad de Padres de Familia.<\/p>\n","protected":false},"excerpt":{"rendered":"<p>Decenas de servidores judiciales participaron en la construcci\u00f3n. \u201cLa educaci\u00f3n es un derecho y tenemos que ejercerlo en un entorno digno\u201d, comparti\u00f3 Sof\u00eda Sodi Zapfe, Coordinadora Ejecutiva del Voluntariado del PJEdom\u00e9x al entregar formalmente el aula construida con la participaci\u00f3n de voluntarias y voluntarios, en beneficio de 300 ni\u00f1as y ni\u00f1os de la Escuela Primaria [&hellip;]<\/p>\n","protected":false},"author":1,"featured_media":46794,"comment_status":"closed","ping_status":"closed","sticky":false,"template":"","format":"standard","meta":{"footnotes":""},"categories":[30,36],"tags":[],"class_list":["post-46793","post","type-post","status-publish","format-standard","has-post-thumbnail","hentry","category-destacado","category-edomex"],"_links":{"self":[{"href":"https:\/\/elinformante.mx\/index.php?rest_route=\/wp\/v2\/posts\/46793","targetHints":{"allow":["GET"]}}],"collection":[{"href":"https:\/\/elinformante.mx\/index.php?rest_route=\/wp\/v2\/posts"}],"about":[{"href":"https:\/\/elinformante.mx\/index.php?rest_route=\/wp\/v2\/types\/post"}],"author":[{"embeddable":true,"href":"https:\/\/elinformante.mx\/index.php?rest_route=\/wp\/v2\/users\/1"}],"replies":[{"embeddable":true,"href":"https:\/\/elinformante.mx\/index.php?rest_route=%2Fwp%2Fv2%2Fcomments&post=46793"}],"version-history":[{"count":0,"href":"https:\/\/elinformante.mx\/index.php?rest_route=\/wp\/v2\/posts\/46793\/revisions"}],"wp:featuredmedia":[{"embeddable":true,"href":"https:\/\/elinformante.mx\/index.php?rest_route=\/wp\/v2\/media\/46794"}],"wp:attachment":[{"href":"https:\/\/elinformante.mx\/index.php?rest_route=%2Fwp%2Fv2%2Fmedia&parent=46793"}],"wp:term":[{"taxonomy":"category","embeddable":true,"href":"https:\/\/elinformante.mx\/index.php?rest_route=%2Fwp%2Fv2%2Fcategories&post=46793"},{"taxonomy":"post_tag","embeddable":true,"href":"https:\/\/elinformante.mx\/index.php?rest_route=%2Fwp%2Fv2%2Ftags&post=46793"}],"curies":[{"name":"wp","href":"https:\/\/api.w.org\/{rel}","templated":true}]}}