{"id":46809,"date":"2024-02-09T04:40:59","date_gmt":"2024-02-09T10:40:59","guid":{"rendered":"https:\/\/elinformante.mx\/?p=46809"},"modified":"2024-02-09T04:41:00","modified_gmt":"2024-02-09T10:41:00","slug":"dictamina-consejo-a-finalistas-a-la-presea-estado-de-mexico-2023","status":"publish","type":"post","link":"https:\/\/elinformante.mx\/?p=46809","title":{"rendered":"Dictamina consejo a finalistas a la presea \u201cEstado de M\u00e9xico 2023\u201d"},"content":{"rendered":"\n<blockquote class=\"wp-block-quote is-layout-flow wp-block-quote-is-layout-flow\">\n<p>Las propuestas se someter\u00e1n a la consideraci\u00f3n de la Gobernadora Delfina G\u00f3mez \u00c1lvarez, quien entregar\u00e1 el galard\u00f3n para las 15 denominaciones el pr\u00f3ximo 2 de marzo.<\/p>\n<\/blockquote>\n\n\n\n<p>Por unanimidad de votos el Consejo de Premiaci\u00f3n de la Presea \u201cEstado de M\u00e9xico\u201d 2023, presidido por Horacio Duarte Olivares, el Secretario General de Gobierno, aprob\u00f3 el dictamen general donde se estipulan las y los finalistas de cada una de las 15 denominaciones del mayor galard\u00f3n mexiquense.<br><\/p>\n\n\n\n<p>Dicho dictamen fue creado a partir de las propuestas de finalistas que eligi\u00f3 el Jurado Calificador de cada una de las denominaciones, para posteriormente someterlo a consideraci\u00f3n de la Gobernadora del Estado de M\u00e9xico Delfina G\u00f3mez \u00c1lvarez, quien premiar\u00e1 a las y los ganadores.<br><\/p>\n\n\n\n<p>Horacio Duarte Olivares destac\u00f3 que en esta edici\u00f3n se registr\u00f3 el n\u00famero m\u00e1s alto de aspirantes en todas las denominaciones de la Presea Estado de M\u00e9xico, gracias al impulso y difusi\u00f3n que esta administraci\u00f3n le dio a la convocatoria.<br><\/p>\n\n\n\n<figure class=\"wp-block-image size-large\"><img fetchpriority=\"high\" decoding=\"async\" width=\"1024\" height=\"503\" src=\"https:\/\/elinformante.mx\/wp-content\/uploads\/2024\/02\/dictamina-consejo-2-1024x503.jpg\" alt=\"\" class=\"wp-image-46811\" srcset=\"https:\/\/elinformante.mx\/wp-content\/uploads\/2024\/02\/dictamina-consejo-2-1024x503.jpg 1024w, https:\/\/elinformante.mx\/wp-content\/uploads\/2024\/02\/dictamina-consejo-2-300x147.jpg 300w, https:\/\/elinformante.mx\/wp-content\/uploads\/2024\/02\/dictamina-consejo-2-768x377.jpg 768w, https:\/\/elinformante.mx\/wp-content\/uploads\/2024\/02\/dictamina-consejo-2-580x285.jpg 580w, https:\/\/elinformante.mx\/wp-content\/uploads\/2024\/02\/dictamina-consejo-2-860x422.jpg 860w, https:\/\/elinformante.mx\/wp-content\/uploads\/2024\/02\/dictamina-consejo-2.jpg 1140w\" sizes=\"(max-width: 1024px) 100vw, 1024px\" \/><\/figure>\n\n\n\n<p>Detall\u00f3 que en las 15 denominaciones se contabiliz\u00f3 un aumento en el n\u00famero de aspirantes pues, en el a\u00f1o 2021 se registraron 3 mil 389 personas, en el 2022, 3 mil 646 y para el 2023, 3 mil 807; es decir, 161 concursantes m\u00e1s.<br><\/p>\n\n\n\n<p>Asimismo, la categor\u00eda que m\u00e1s aspirantes registr\u00f3 fue Pedagog\u00eda y Docencia \u201cLaura M\u00e9ndez de Cuenca\u201d, con mil 288, le sigue la Presea Estado de M\u00e9xico a la Juventud \u201cFelipe S\u00e1nchez Sol\u00eds\u201d, con mil 107 y en tercer lugar se encuentra la de Arte y Cultura \u201cSor Juana In\u00e9s de la Cruz\u201d, con 297 aspirantes. Por otra parte, las y los integrantes del Consejo de Premiaci\u00f3n, quienes tambi\u00e9n fungen como Jurado Calificador de la Presea \u201cJos\u00e9 Mar\u00eda Luis Mora\u201d, eligieron a las cuatro personas finalistas para recibir el galard\u00f3n dedicado a quienes sin ser mexiquenses tengan m\u00e9ritos eminentes o relevantes.<br><\/p>\n\n\n\n<p>Para esta categor\u00eda se recibieron un total de 204 postulaciones de personas de todo el pa\u00eds con una amplia trayectoria en la cultura, el deporte, la ciencia, medicina, teatro y el cine, entre otros temas.<br><\/p>\n\n\n\n<p>Tras una revisi\u00f3n final de los perfiles que cumplieron con los criterios establecidos en la convocatoria, se determin\u00f3 que las finalistas son cuatro mujeres destacadas en el \u00e1mbito de la astronom\u00eda, las letras y el deporte.<\/p>\n","protected":false},"excerpt":{"rendered":"<p>Las propuestas se someter\u00e1n a la consideraci\u00f3n de la Gobernadora Delfina G\u00f3mez \u00c1lvarez, quien entregar\u00e1 el galard\u00f3n para las 15 denominaciones el pr\u00f3ximo 2 de marzo. Por unanimidad de votos el Consejo de Premiaci\u00f3n de la Presea \u201cEstado de M\u00e9xico\u201d 2023, presidido por Horacio Duarte Olivares, el Secretario General de Gobierno, aprob\u00f3 el dictamen general [&hellip;]<\/p>\n","protected":false},"author":1,"featured_media":46810,"comment_status":"closed","ping_status":"closed","sticky":false,"template":"","format":"standard","meta":{"footnotes":""},"categories":[30,36],"tags":[],"class_list":["post-46809","post","type-post","status-publish","format-standard","has-post-thumbnail","hentry","category-destacado","category-edomex"],"_links":{"self":[{"href":"https:\/\/elinformante.mx\/index.php?rest_route=\/wp\/v2\/posts\/46809","targetHints":{"allow":["GET"]}}],"collection":[{"href":"https:\/\/elinformante.mx\/index.php?rest_route=\/wp\/v2\/posts"}],"about":[{"href":"https:\/\/elinformante.mx\/index.php?rest_route=\/wp\/v2\/types\/post"}],"author":[{"embeddable":true,"href":"https:\/\/elinformante.mx\/index.php?rest_route=\/wp\/v2\/users\/1"}],"replies":[{"embeddable":true,"href":"https:\/\/elinformante.mx\/index.php?rest_route=%2Fwp%2Fv2%2Fcomments&post=46809"}],"version-history":[{"count":0,"href":"https:\/\/elinformante.mx\/index.php?rest_route=\/wp\/v2\/posts\/46809\/revisions"}],"wp:featuredmedia":[{"embeddable":true,"href":"https:\/\/elinformante.mx\/index.php?rest_route=\/wp\/v2\/media\/46810"}],"wp:attachment":[{"href":"https:\/\/elinformante.mx\/index.php?rest_route=%2Fwp%2Fv2%2Fmedia&parent=46809"}],"wp:term":[{"taxonomy":"category","embeddable":true,"href":"https:\/\/elinformante.mx\/index.php?rest_route=%2Fwp%2Fv2%2Fcategories&post=46809"},{"taxonomy":"post_tag","embeddable":true,"href":"https:\/\/elinformante.mx\/index.php?rest_route=%2Fwp%2Fv2%2Ftags&post=46809"}],"curies":[{"name":"wp","href":"https:\/\/api.w.org\/{rel}","templated":true}]}}