{"id":46823,"date":"2024-02-09T04:55:30","date_gmt":"2024-02-09T10:55:30","guid":{"rendered":"https:\/\/elinformante.mx\/?p=46823"},"modified":"2024-02-09T04:55:31","modified_gmt":"2024-02-09T10:55:31","slug":"expresa-delfina-gomez-condolencias-a-familiares-del-policia-municipal-muerto-en-naucalpan","status":"publish","type":"post","link":"https:\/\/elinformante.mx\/?p=46823","title":{"rendered":"Expresa Delfina G\u00f3mez condolencias a familiares del polic\u00eda municipal muerto en Naucalpan"},"content":{"rendered":"\n<blockquote class=\"wp-block-quote is-layout-flow wp-block-quote-is-layout-flow\">\n<p>La Gobernadora del Estado de M\u00e9xico se\u00f1al\u00f3 que su administraci\u00f3n refuerza las acciones y estrategias en materia de seguridad, mediante un trabajo coordinado con los tres \u00f3rdenes de gobierno.<\/p>\n<\/blockquote>\n\n\n\n<p>La Gobernadora del Estado de M\u00e9xico, Delfina G\u00f3mez \u00c1lvarez, destac\u00f3 y reconoci\u00f3 el trabajo realizado por los cuerpos de seguridad del municipio de Naucalpan para combatir a la delincuencia, y expres\u00f3 sus condolencias a los familiares del elemento ca\u00eddo en cumplimiento de su deber, as\u00ed como pronta recuperaci\u00f3n a los dos polic\u00edas municipales que resultaron lesionados, tras presentarse un enfrentamiento el d\u00eda mi\u00e9rcoles.<br><\/p>\n\n\n\n<p>\u201cQuiero expresar mi sentido p\u00e9same a los familiares de un integrante de la Polic\u00eda Municipal de Naucalpan, quien falleci\u00f3 durante un enfrentamiento con presuntos delincuentes en la colonia Valle Dorado. Valoro la acci\u00f3n realizada por \u00e9l y dos elementos m\u00e1s quienes est\u00e1n fuera de peligro y son ejemplo de lealtad al pueblo y a su labor\u201d, coment\u00f3 la Gobernadora en redes sociales.<br><\/p>\n\n\n\n<figure class=\"wp-block-image size-large\"><img fetchpriority=\"high\" decoding=\"async\" width=\"1024\" height=\"503\" src=\"https:\/\/elinformante.mx\/wp-content\/uploads\/2024\/02\/EXPRESA-CONDOLENCIAS-2-1024x503.jpg\" alt=\"\" class=\"wp-image-46825\" srcset=\"https:\/\/elinformante.mx\/wp-content\/uploads\/2024\/02\/EXPRESA-CONDOLENCIAS-2-1024x503.jpg 1024w, https:\/\/elinformante.mx\/wp-content\/uploads\/2024\/02\/EXPRESA-CONDOLENCIAS-2-300x147.jpg 300w, https:\/\/elinformante.mx\/wp-content\/uploads\/2024\/02\/EXPRESA-CONDOLENCIAS-2-768x377.jpg 768w, https:\/\/elinformante.mx\/wp-content\/uploads\/2024\/02\/EXPRESA-CONDOLENCIAS-2-580x285.jpg 580w, https:\/\/elinformante.mx\/wp-content\/uploads\/2024\/02\/EXPRESA-CONDOLENCIAS-2-860x422.jpg 860w, https:\/\/elinformante.mx\/wp-content\/uploads\/2024\/02\/EXPRESA-CONDOLENCIAS-2.jpg 1140w\" sizes=\"(max-width: 1024px) 100vw, 1024px\" \/><\/figure>\n\n\n\n<p>\u201cLos integrantes de la Mesa de Coordinaci\u00f3n para la Construcci\u00f3n de la Paz refrendamos el compromiso de combatir la delincuencia en el Estado de M\u00e9xico. #ElPoderDeServir\u201d, agreg\u00f3.<br><\/p>\n\n\n\n<p>Durante la Mesa de Coordinaci\u00f3n para la Construcci\u00f3n de la Paz n\u00famero 25, la Maestra Delfina G\u00f3mez enfatiz\u00f3 que el Gobierno del Estado de M\u00e9xico refuerza las acciones y estrategias en materia de seguridad, adem\u00e1s de combatir a la delincuencia de manera coordinada con los cuerpos de seguridad federales, estatales y municipales.<\/p>\n","protected":false},"excerpt":{"rendered":"<p>La Gobernadora del Estado de M\u00e9xico se\u00f1al\u00f3 que su administraci\u00f3n refuerza las acciones y estrategias en materia de seguridad, mediante un trabajo coordinado con los tres \u00f3rdenes de gobierno. La Gobernadora del Estado de M\u00e9xico, Delfina G\u00f3mez \u00c1lvarez, destac\u00f3 y reconoci\u00f3 el trabajo realizado por los cuerpos de seguridad del municipio de Naucalpan para combatir [&hellip;]<\/p>\n","protected":false},"author":1,"featured_media":46824,"comment_status":"closed","ping_status":"closed","sticky":false,"template":"","format":"standard","meta":{"footnotes":""},"categories":[30,36,31],"tags":[],"class_list":["post-46823","post","type-post","status-publish","format-standard","has-post-thumbnail","hentry","category-destacado","category-edomex","category-portada"],"_links":{"self":[{"href":"https:\/\/elinformante.mx\/index.php?rest_route=\/wp\/v2\/posts\/46823","targetHints":{"allow":["GET"]}}],"collection":[{"href":"https:\/\/elinformante.mx\/index.php?rest_route=\/wp\/v2\/posts"}],"about":[{"href":"https:\/\/elinformante.mx\/index.php?rest_route=\/wp\/v2\/types\/post"}],"author":[{"embeddable":true,"href":"https:\/\/elinformante.mx\/index.php?rest_route=\/wp\/v2\/users\/1"}],"replies":[{"embeddable":true,"href":"https:\/\/elinformante.mx\/index.php?rest_route=%2Fwp%2Fv2%2Fcomments&post=46823"}],"version-history":[{"count":0,"href":"https:\/\/elinformante.mx\/index.php?rest_route=\/wp\/v2\/posts\/46823\/revisions"}],"wp:featuredmedia":[{"embeddable":true,"href":"https:\/\/elinformante.mx\/index.php?rest_route=\/wp\/v2\/media\/46824"}],"wp:attachment":[{"href":"https:\/\/elinformante.mx\/index.php?rest_route=%2Fwp%2Fv2%2Fmedia&parent=46823"}],"wp:term":[{"taxonomy":"category","embeddable":true,"href":"https:\/\/elinformante.mx\/index.php?rest_route=%2Fwp%2Fv2%2Fcategories&post=46823"},{"taxonomy":"post_tag","embeddable":true,"href":"https:\/\/elinformante.mx\/index.php?rest_route=%2Fwp%2Fv2%2Ftags&post=46823"}],"curies":[{"name":"wp","href":"https:\/\/api.w.org\/{rel}","templated":true}]}}