{"id":46827,"date":"2024-02-09T04:59:27","date_gmt":"2024-02-09T10:59:27","guid":{"rendered":"https:\/\/elinformante.mx\/?p=46827"},"modified":"2024-02-09T04:59:28","modified_gmt":"2024-02-09T10:59:28","slug":"colocan-en-nextlalpan-primera-piedra-del-mega-campus-dhl","status":"publish","type":"post","link":"https:\/\/elinformante.mx\/?p=46827","title":{"rendered":"Colocan en Nextlalpan primera piedra del mega campus DHL"},"content":{"rendered":"\n<blockquote class=\"wp-block-quote is-layout-flow wp-block-quote-is-layout-flow\">\n<p>Este proyecto forma parte de una inversi\u00f3n anunciada en el 2023 de m\u00e1s de 500 millones de euros en M\u00e9xico y Am\u00e9rica Latina.<\/p>\n<\/blockquote>\n\n\n\n<p>Autoridades estatales y empresarios llevaron a cabo la colocaci\u00f3n de la primera piedra del mega campus DHL en el parque T-Mex Park, que ser\u00e1 el centro de dicha empresa m\u00e1s grande del pa\u00eds, y que se construye a un costado del Aeropuerto Internacional Felipe \u00c1ngeles (AIFA).<br><\/p>\n\n\n\n<p>Asimismo, el grupo Parks Industrial, anunci\u00f3 una inversi\u00f3n superior a los 4 mil millones de d\u00f3lares en el estado de M\u00e9xico en un periodo entre 3 y 5 a\u00f1os en siete municipios.<br><\/p>\n\n\n\n<p>Mario Rodr\u00edguez de la Gala Bazan presidente de DHL Supply Chain se\u00f1al\u00f3 que el Mega campus DHL en el parque T-Mex Park ser\u00e1 el centro m\u00e1s grande que se tendr\u00e1 en todo el pa\u00eds que estar\u00e1 en 4 hect\u00e1reas y albergar\u00e1 cuatro edificios de \u00faltima generaci\u00f3n, ofreciendo m\u00e1s de 200 mil metros de espacio log\u00edstico de vanguardia y que crear\u00e1 un promedio de m\u00e1s de 2 mil empleos fijos.<br><\/p>\n\n\n\n<p>Dijo que \u201ceste mega campus marcar\u00e1 un referente en el sector log\u00edstico seguir\u00e1 siendo y siguiendo los m\u00e1s altos est\u00e1ndares, eficiencia energ\u00e9tica. Esos esfuerzos acent\u00faan nuestra la dedicaci\u00f3n y a nuestras iniciativas que solo reflejan el compromiso que tenemos con el medio ambiente y con nuestras comunidades\u201d.<br><\/p>\n\n\n\n<figure class=\"wp-block-image size-large\"><img fetchpriority=\"high\" decoding=\"async\" width=\"1024\" height=\"503\" src=\"https:\/\/elinformante.mx\/wp-content\/uploads\/2024\/02\/COLOCAN-EN-3-1024x503.jpg\" alt=\"\" class=\"wp-image-46829\" srcset=\"https:\/\/elinformante.mx\/wp-content\/uploads\/2024\/02\/COLOCAN-EN-3-1024x503.jpg 1024w, https:\/\/elinformante.mx\/wp-content\/uploads\/2024\/02\/COLOCAN-EN-3-300x147.jpg 300w, https:\/\/elinformante.mx\/wp-content\/uploads\/2024\/02\/COLOCAN-EN-3-768x377.jpg 768w, https:\/\/elinformante.mx\/wp-content\/uploads\/2024\/02\/COLOCAN-EN-3-580x285.jpg 580w, https:\/\/elinformante.mx\/wp-content\/uploads\/2024\/02\/COLOCAN-EN-3-860x422.jpg 860w, https:\/\/elinformante.mx\/wp-content\/uploads\/2024\/02\/COLOCAN-EN-3.jpg 1140w\" sizes=\"(max-width: 1024px) 100vw, 1024px\" \/><\/figure>\n\n\n\n<p>Afirm\u00f3 que este proyecto forma parte de una inversi\u00f3n anunciada en el 2023 de m\u00e1s de 500 millones de euros en Am\u00e9rica Latina de los cuales gran parte ser\u00e1n en M\u00e9xico.<br><\/p>\n\n\n\n<p>\u201cLa versatilidad de este mega campus nos permitir\u00e1 satisfacer las necesidades de nuestros clientes de hoy y de los a\u00f1os por venir. Estamos sentando las bases de un futuro lleno de posibilidades creando posibilidades alianzas y un futuro sostenible. Nos comprometemos a trabajar de la mano de Nextlalpan y sus alrededores y con el gobierno del estado y con todos nuestros socios\u201d, expres\u00f3.<br><\/p>\n\n\n\n<p>Por su parte, el director del grupo Parks Industrial, Charles El-Mann Metta anunci\u00f3 una inversi\u00f3n sustancial que supera los 4 mil millones de d\u00f3lares en el estado de M\u00e9xico.<br><\/p>\n\n\n\n<p>Se\u00f1al\u00f3 que la inversi\u00f3n se extender\u00e1 a lo largo de varios municipios estrat\u00e9gicos del estado que incluyen Nextlalpan, Tultitl\u00e1n, Tultepec, Tlalnepantla, Tepotzotl\u00e1n, Toluca y Lerma.<br><\/p>\n\n\n\n<p>\u201cComo empresa mexicana arraigada en el tejido empresarial nos enorgullece contribuir en el crecimiento sostenible de la regi\u00f3n y participar activamente en el desarrollo econ\u00f3mico y social de estas comunidades. Este compromiso financiero no s\u00f3lo refleja nuestra dedicaci\u00f3n al estado de M\u00e9xico y su gobierno sino expresa nuestro m\u00e1s profundo amor y compromiso a largo plazo con el pa\u00eds\u201d.<br><\/p>\n\n\n\n<figure class=\"wp-block-image size-large\"><img decoding=\"async\" width=\"1024\" height=\"503\" src=\"https:\/\/elinformante.mx\/wp-content\/uploads\/2024\/02\/COLOCAN-EN-1024x503.jpg\" alt=\"\" class=\"wp-image-46831\" srcset=\"https:\/\/elinformante.mx\/wp-content\/uploads\/2024\/02\/COLOCAN-EN-1024x503.jpg 1024w, https:\/\/elinformante.mx\/wp-content\/uploads\/2024\/02\/COLOCAN-EN-300x147.jpg 300w, https:\/\/elinformante.mx\/wp-content\/uploads\/2024\/02\/COLOCAN-EN-768x377.jpg 768w, https:\/\/elinformante.mx\/wp-content\/uploads\/2024\/02\/COLOCAN-EN-580x285.jpg 580w, https:\/\/elinformante.mx\/wp-content\/uploads\/2024\/02\/COLOCAN-EN-860x422.jpg 860w, https:\/\/elinformante.mx\/wp-content\/uploads\/2024\/02\/COLOCAN-EN.jpg 1140w\" sizes=\"(max-width: 1024px) 100vw, 1024px\" \/><\/figure>\n\n\n\n<p>La colocaci\u00f3n de la primera piedra del Mega campus DHL en el parque T-Mex Park, la llev\u00f3 a cabo la gobernadora del estado de M\u00e9xico, Delfina G\u00f3mez \u00c1lvarez y los empresarios, as\u00ed como diversos secretarios mexiquenses.<br><\/p>\n\n\n\n<p>G\u00f3mez \u00c1lvarez afirm\u00f3 que el T-Mex-Park, que se edifica a un costado del AIFA, y el Mega campus DHL generar\u00e1n en conjunto unos 600 mil empleos para los mexiquenses de municipios como Zumpango, Tultepec, Tultitl\u00e1n, Tonanitla, Jaltenco y Tec\u00e1mac y municipios e Hidalgo.<br><\/p>\n\n\n\n<p>Destac\u00f3 que la primera fase de construcci\u00f3n del T-M\u00e9x-Park ya cuenta con un avance del 30 por ciento en donde se est\u00e1n transformando 3 millones de metros cuadrados que se est\u00e1n convirtiendo en un complejo industrial y log\u00edstico sin precedente.<br><\/p>\n\n\n\n<p>\u201cAh\u00ed se ofrecer\u00e1 una gama de servicios que incluyen almacenaje, transporte, empaque, etiquetado y comercio digital; adem\u00e1s abarcar\u00e1 sectores claves como ecomerce, moda, consumo, dispositivos m\u00e9dicos, aeroespaciales, electr\u00f3nica y automotriz\u201d, dijo.<br><\/p>\n\n\n\n<p>Mencion\u00f3 que el T-M\u00e9x-Park tendr\u00e1 conexiones directas al AIFA y a las l\u00edneas f\u00e9rreas hacia Am\u00e9rica del Norte.<\/p>\n\n\n\n<figure class=\"wp-block-image size-large\"><img decoding=\"async\" width=\"1024\" height=\"503\" src=\"https:\/\/elinformante.mx\/wp-content\/uploads\/2024\/02\/COLOCAN-EN-2-1024x503.jpg\" alt=\"\" class=\"wp-image-46830\" srcset=\"https:\/\/elinformante.mx\/wp-content\/uploads\/2024\/02\/COLOCAN-EN-2-1024x503.jpg 1024w, https:\/\/elinformante.mx\/wp-content\/uploads\/2024\/02\/COLOCAN-EN-2-300x147.jpg 300w, https:\/\/elinformante.mx\/wp-content\/uploads\/2024\/02\/COLOCAN-EN-2-768x377.jpg 768w, https:\/\/elinformante.mx\/wp-content\/uploads\/2024\/02\/COLOCAN-EN-2-580x285.jpg 580w, https:\/\/elinformante.mx\/wp-content\/uploads\/2024\/02\/COLOCAN-EN-2-860x422.jpg 860w, https:\/\/elinformante.mx\/wp-content\/uploads\/2024\/02\/COLOCAN-EN-2.jpg 1140w\" sizes=\"(max-width: 1024px) 100vw, 1024px\" \/><\/figure>\n","protected":false},"excerpt":{"rendered":"<p>Este proyecto forma parte de una inversi\u00f3n anunciada en el 2023 de m\u00e1s de 500 millones de euros en M\u00e9xico y Am\u00e9rica Latina. Autoridades estatales y empresarios llevaron a cabo la colocaci\u00f3n de la primera piedra del mega campus DHL en el parque T-Mex Park, que ser\u00e1 el centro de dicha empresa m\u00e1s grande del [&hellip;]<\/p>\n","protected":false},"author":1,"featured_media":46828,"comment_status":"closed","ping_status":"closed","sticky":false,"template":"","format":"standard","meta":{"footnotes":""},"categories":[30,36,31],"tags":[],"class_list":["post-46827","post","type-post","status-publish","format-standard","has-post-thumbnail","hentry","category-destacado","category-edomex","category-portada"],"_links":{"self":[{"href":"https:\/\/elinformante.mx\/index.php?rest_route=\/wp\/v2\/posts\/46827","targetHints":{"allow":["GET"]}}],"collection":[{"href":"https:\/\/elinformante.mx\/index.php?rest_route=\/wp\/v2\/posts"}],"about":[{"href":"https:\/\/elinformante.mx\/index.php?rest_route=\/wp\/v2\/types\/post"}],"author":[{"embeddable":true,"href":"https:\/\/elinformante.mx\/index.php?rest_route=\/wp\/v2\/users\/1"}],"replies":[{"embeddable":true,"href":"https:\/\/elinformante.mx\/index.php?rest_route=%2Fwp%2Fv2%2Fcomments&post=46827"}],"version-history":[{"count":0,"href":"https:\/\/elinformante.mx\/index.php?rest_route=\/wp\/v2\/posts\/46827\/revisions"}],"wp:featuredmedia":[{"embeddable":true,"href":"https:\/\/elinformante.mx\/index.php?rest_route=\/wp\/v2\/media\/46828"}],"wp:attachment":[{"href":"https:\/\/elinformante.mx\/index.php?rest_route=%2Fwp%2Fv2%2Fmedia&parent=46827"}],"wp:term":[{"taxonomy":"category","embeddable":true,"href":"https:\/\/elinformante.mx\/index.php?rest_route=%2Fwp%2Fv2%2Fcategories&post=46827"},{"taxonomy":"post_tag","embeddable":true,"href":"https:\/\/elinformante.mx\/index.php?rest_route=%2Fwp%2Fv2%2Ftags&post=46827"}],"curies":[{"name":"wp","href":"https:\/\/api.w.org\/{rel}","templated":true}]}}