{"id":46857,"date":"2024-02-09T05:25:27","date_gmt":"2024-02-09T11:25:27","guid":{"rendered":"https:\/\/elinformante.mx\/?p=46857"},"modified":"2024-02-09T05:25:28","modified_gmt":"2024-02-09T11:25:28","slug":"obtiene-fiscalia-edomex-condena-de-alta-penalidad-para-dos-acusados-de-secuestro","status":"publish","type":"post","link":"https:\/\/elinformante.mx\/?p=46857","title":{"rendered":"Obtiene Fiscal\u00eda Edom\u00e9x condena de alta penalidad para dos acusados de secuestro"},"content":{"rendered":"\n<blockquote class=\"wp-block-quote is-layout-flow wp-block-quote-is-layout-flow\">\n<p>La v\u00edctima fue privada de la libertad el 7 de mayo de 2020, en el municipio de Valle de Chalco y d\u00edas despu\u00e9s hallada sin vida.<\/p>\n<\/blockquote>\n\n\n\n<p>Por el secuestro de un hombre perpetrado en el a\u00f1o 2020 en el municipio de Valle de Chalco, la Fiscal\u00eda General de Justicia del Estado de M\u00e9xico (FGJEM) obtuvo sentencia de condena de alta penalidad de 140 a\u00f1os de prisi\u00f3n para Carlos Alberto Escamilla Vallarta y Mauricio S\u00e1nchez Garc\u00eda.<br><\/p>\n\n\n\n<p>La indagatoria iniciada por la Fiscal\u00eda estatal precis\u00f3 que el 7 de mayo de 2020, la v\u00edctima acudi\u00f3 a un punto de esta demarcaci\u00f3n, donde supuestamente se ver\u00eda con una mujer, a quien hab\u00eda conocido mediante una red social y con quien sosten\u00eda una relaci\u00f3n sentimental. Al llegar al lugar fue privado de la libertad por los ahora sentenciados.<br><\/p>\n\n\n\n<p>Horas m\u00e1s tarde familiares de la v\u00edctima comenzaron a recibir llamadas telef\u00f3nicas mediante las cuales les exigieron una fuerte suma econ\u00f3mica a cambio de dejarla en libertad, no obstante, el 24 de mayo de ese a\u00f1o, la v\u00edctima fue hallada sin vida en el municipio de Chalco.<br><\/p>\n\n\n\n<p>Este il\u00edcito fue denunciado ante la Fiscal\u00eda Edom\u00e9x, por lo que el Agente del Ministerio P\u00fablico inici\u00f3 la indagatoria correspondiente por secuestro y fueron llevados a cabo actos de investigaci\u00f3n de gabinete y campo que permitieron identificar a Carlos Alberto Escamilla Vallarta y Mauricio S\u00e1nchez Garc\u00eda, como responsables de los hechos.<br><\/p>\n\n\n\n<p>Ambos individuos fueron ingresados al Centro Penitenciario y de Reinserci\u00f3n Social de la zona, a disposici\u00f3n de la Autoridad Judicial, quien luego de revisar las pruebas recabadas y aportadas por el Representante Social, y tras proceso legal, les dict\u00f3 esta sentencia de condena.<br><\/p>\n\n\n\n<p>Adem\u00e1s de la pena de libertad, deber\u00e1n pagar multa de 2 millones 085 mil 120 pesos, la cantidad de 83 mil 915 pesos por reparaci\u00f3n del da\u00f1o moral y 300 mil pesos como reparaci\u00f3n del da\u00f1o material, en tanto que sus derechos civiles y pol\u00edticos quedaron suspendidos.<\/p>\n","protected":false},"excerpt":{"rendered":"<p>La v\u00edctima fue privada de la libertad el 7 de mayo de 2020, en el municipio de Valle de Chalco y d\u00edas despu\u00e9s hallada sin vida. Por el secuestro de un hombre perpetrado en el a\u00f1o 2020 en el municipio de Valle de Chalco, la Fiscal\u00eda General de Justicia del Estado de M\u00e9xico (FGJEM) obtuvo [&hellip;]<\/p>\n","protected":false},"author":1,"featured_media":46858,"comment_status":"closed","ping_status":"closed","sticky":false,"template":"","format":"standard","meta":{"footnotes":""},"categories":[36,37],"tags":[],"class_list":["post-46857","post","type-post","status-publish","format-standard","has-post-thumbnail","hentry","category-edomex","category-justicia"],"_links":{"self":[{"href":"https:\/\/elinformante.mx\/index.php?rest_route=\/wp\/v2\/posts\/46857","targetHints":{"allow":["GET"]}}],"collection":[{"href":"https:\/\/elinformante.mx\/index.php?rest_route=\/wp\/v2\/posts"}],"about":[{"href":"https:\/\/elinformante.mx\/index.php?rest_route=\/wp\/v2\/types\/post"}],"author":[{"embeddable":true,"href":"https:\/\/elinformante.mx\/index.php?rest_route=\/wp\/v2\/users\/1"}],"replies":[{"embeddable":true,"href":"https:\/\/elinformante.mx\/index.php?rest_route=%2Fwp%2Fv2%2Fcomments&post=46857"}],"version-history":[{"count":0,"href":"https:\/\/elinformante.mx\/index.php?rest_route=\/wp\/v2\/posts\/46857\/revisions"}],"wp:featuredmedia":[{"embeddable":true,"href":"https:\/\/elinformante.mx\/index.php?rest_route=\/wp\/v2\/media\/46858"}],"wp:attachment":[{"href":"https:\/\/elinformante.mx\/index.php?rest_route=%2Fwp%2Fv2%2Fmedia&parent=46857"}],"wp:term":[{"taxonomy":"category","embeddable":true,"href":"https:\/\/elinformante.mx\/index.php?rest_route=%2Fwp%2Fv2%2Fcategories&post=46857"},{"taxonomy":"post_tag","embeddable":true,"href":"https:\/\/elinformante.mx\/index.php?rest_route=%2Fwp%2Fv2%2Ftags&post=46857"}],"curies":[{"name":"wp","href":"https:\/\/api.w.org\/{rel}","templated":true}]}}