{"id":46869,"date":"2024-02-09T05:45:24","date_gmt":"2024-02-09T11:45:24","guid":{"rendered":"https:\/\/elinformante.mx\/?p=46869"},"modified":"2024-02-09T05:45:25","modified_gmt":"2024-02-09T11:45:25","slug":"congreso-capitalino-va-contra-quienes-pongan-a-trabajar-a-ninos","status":"publish","type":"post","link":"https:\/\/elinformante.mx\/?p=46869","title":{"rendered":"Congreso capitalino va contra quienes pongan a trabajar a ni\u00f1os"},"content":{"rendered":"\n<blockquote class=\"wp-block-quote is-layout-flow wp-block-quote-is-layout-flow\">\n<p>Pese a la prohibici\u00f3n total del trabajo infantil en la legislaci\u00f3n local, este tipo de explotaci\u00f3n persiste.<\/p>\n<\/blockquote>\n\n\n\n<p>En la Comisi\u00f3n de Atenci\u00f3n al Desarrollo de la Ni\u00f1ez del Congreso de la Ciudad de M\u00e9xico, se aval\u00f3 un dictamen que reforma disposiciones de la Ley de los Derechos de las Ni\u00f1as, Ni\u00f1os y Adolescentes, el cual se enfoca en abordar el problema del trabajo infantil en las calles, proponiendo que las personas que tengan a menores en esas condiciones sean denunciadas.<br><\/p>\n\n\n\n<p>Pese a la prohibici\u00f3n total del trabajo infantil en la legislaci\u00f3n local, este tipo de explotaci\u00f3n persiste en la entidad y parte de sus consecuencias es que lleva a las v\u00edctimas a la exclusi\u00f3n, privilegio y pobreza, adem\u00e1s, en el texto de lo avalado por el Congreso citadino, se enfatiza que los peque\u00f1os est\u00e1n privados \u201cde un futuro de bienestar y felicidad, as\u00ed como de la oportunidad de tener una formaci\u00f3n y empleo digno\u201d.<br><\/p>\n\n\n\n<p>Tras ello, los legisladores remarcaron en el documento que su fin \u201ces establecer bases s\u00f3lidas para la aplicaci\u00f3n de medidas que protejan los derechos humanos de los ni\u00f1os en situaci\u00f3n de calle que realizan trabajos en la v\u00eda p\u00fablica\u201d.<br><\/p>\n\n\n\n<p>Una vez que se dio luz verde en la comisi\u00f3n, se espera que en el Pleno se apruebe la obligaci\u00f3n de informar al Sistema Nacional para el Desarrollo Integral de la Familia (DIF CDMX) y a la Procuradur\u00eda de Protecci\u00f3n de Ni\u00f1as, Ni\u00f1os y Adolescentes (PPNNA) sobre cualquier avistamiento de menores de edad desempe\u00f1ando estas actividades. Estas instituciones, a su vez, coordinar\u00e1n con el Ministerio P\u00fablico para realizar investigaciones y llevar a cabo acciones de prevenci\u00f3n, atenci\u00f3n y sanci\u00f3n.<br><\/p>\n\n\n\n<p>Seg\u00fan el texto, se crear\u00eda un sistema de informaci\u00f3n y registro confidencial por parte de la PPNNA, el cual ser\u00eda actualizado regularmente, para integrar un padr\u00f3n de ni\u00f1os que trabajan en v\u00edas de circulaci\u00f3n, espacios p\u00fablicos o privados, y medios de transporte.<br><\/p>\n\n\n\n<p>\u201cLas reformas aprobadas abarcan varios art\u00edculos de la ley, demostrando un compromiso integral para abordar y erradicar el problema del trabajo infantil en la ciudad\u201d, apunt\u00f3 el dictamen.<\/p>\n","protected":false},"excerpt":{"rendered":"<p>Pese a la prohibici\u00f3n total del trabajo infantil en la legislaci\u00f3n local, este tipo de explotaci\u00f3n persiste. En la Comisi\u00f3n de Atenci\u00f3n al Desarrollo de la Ni\u00f1ez del Congreso de la Ciudad de M\u00e9xico, se aval\u00f3 un dictamen que reforma disposiciones de la Ley de los Derechos de las Ni\u00f1as, Ni\u00f1os y Adolescentes, el cual [&hellip;]<\/p>\n","protected":false},"author":1,"featured_media":46870,"comment_status":"closed","ping_status":"closed","sticky":false,"template":"","format":"standard","meta":{"footnotes":""},"categories":[35],"tags":[],"class_list":["post-46869","post","type-post","status-publish","format-standard","has-post-thumbnail","hentry","category-cdmx"],"_links":{"self":[{"href":"https:\/\/elinformante.mx\/index.php?rest_route=\/wp\/v2\/posts\/46869","targetHints":{"allow":["GET"]}}],"collection":[{"href":"https:\/\/elinformante.mx\/index.php?rest_route=\/wp\/v2\/posts"}],"about":[{"href":"https:\/\/elinformante.mx\/index.php?rest_route=\/wp\/v2\/types\/post"}],"author":[{"embeddable":true,"href":"https:\/\/elinformante.mx\/index.php?rest_route=\/wp\/v2\/users\/1"}],"replies":[{"embeddable":true,"href":"https:\/\/elinformante.mx\/index.php?rest_route=%2Fwp%2Fv2%2Fcomments&post=46869"}],"version-history":[{"count":0,"href":"https:\/\/elinformante.mx\/index.php?rest_route=\/wp\/v2\/posts\/46869\/revisions"}],"wp:featuredmedia":[{"embeddable":true,"href":"https:\/\/elinformante.mx\/index.php?rest_route=\/wp\/v2\/media\/46870"}],"wp:attachment":[{"href":"https:\/\/elinformante.mx\/index.php?rest_route=%2Fwp%2Fv2%2Fmedia&parent=46869"}],"wp:term":[{"taxonomy":"category","embeddable":true,"href":"https:\/\/elinformante.mx\/index.php?rest_route=%2Fwp%2Fv2%2Fcategories&post=46869"},{"taxonomy":"post_tag","embeddable":true,"href":"https:\/\/elinformante.mx\/index.php?rest_route=%2Fwp%2Fv2%2Ftags&post=46869"}],"curies":[{"name":"wp","href":"https:\/\/api.w.org\/{rel}","templated":true}]}}