{"id":46872,"date":"2024-02-09T05:52:28","date_gmt":"2024-02-09T11:52:28","guid":{"rendered":"https:\/\/elinformante.mx\/?p=46872"},"modified":"2024-02-09T05:52:29","modified_gmt":"2024-02-09T11:52:29","slug":"estalla-conflicto-en-salud-de-tamaulipas-protestan-en-jurisdicciones-sanitarias-del-sur","status":"publish","type":"post","link":"https:\/\/elinformante.mx\/?p=46872","title":{"rendered":"Estalla conflicto en Salud de Tamaulipas: protestan en Jurisdicciones Sanitarias del Sur"},"content":{"rendered":"\n<blockquote class=\"wp-block-quote is-layout-flow wp-block-quote-is-layout-flow\">\n<p>Reclaman por movimientos que se est\u00e1n haciendo en el personal, as\u00ed como supuestas carencias que tienen.<\/p>\n<\/blockquote>\n\n\n\n<p>De forma simult\u00e1nea, trabajadores sindicalizados de las Jurisdicciones Sanitarias N\u00famero 12 y 02, que corresponden a la zona sur del estado, fueron tomadas en protesta por movimientos que se est\u00e1n haciendo en el personal, as\u00ed como por supuestas carencias que tienen. Igualmente, tambi\u00e9n fue tomado el Centro de Salud de Ciudad Madero.<br><\/p>\n\n\n\n<p>En Tampico, la Secretar\u00eda General de la Subsecci\u00f3n 2 del Sindicato Nacional de Trabajadores de la Salud en Tamaulipas, Mar\u00eda del Sagrario Fern\u00e1ndez Guardado, dijo que cerraron las oficinas de la direcci\u00f3n y administrativas exigiendo a la Secretar\u00eda de Salud del estado atienda las peticiones que hacen a trav\u00e9s del l\u00edder estatal Adolfo Sierra Medina.<br><\/p>\n\n\n\n<p>Se\u00f1al\u00f3 que el titular de la Salud en Tamaulipas, Vicente Joel Hern\u00e1ndez, est\u00e1 dando prioridad al programa del IMSS Bienestar, cuando en todos los centros de trabajo de este sector est\u00e1n en precaria situaci\u00f3n.<br><\/p>\n\n\n\n<p>Y es que dijo que en los que corresponden a la Jurisdicci\u00f3n Sanitaria N\u00famero 02, que es Tampico y Ciudad Madero, carecen desde un paracetamol hasta la climatizaci\u00f3n de los centros laborales.<br><\/p>\n\n\n\n<p>Incluso, manifest\u00f3 que la semana pasada un mapache cay\u00f3 del plaf\u00f3n del cielo falso de un consultorio, lo que hizo que la doctora que estaba en ese momento entrara en p\u00e1nico.<br><\/p>\n\n\n\n<p>Dijo que estas problem\u00e1ticas y carencias no s\u00f3lo afectan a la plaza trabajadora, sino a la derechohabiencia, \u201cporque no tienen los servicios como el secretario de Salud los plantea\u201d.<br><\/p>\n\n\n\n<p>Inform\u00f3 que ya se est\u00e1n otorgando las basificaciones del personal, sin embargo, los est\u00e1n mandando a \u00e1reas en donde est\u00e1n saturados de personal, \u201cno hay una planeaci\u00f3n, por ejemplo, el Centro de Salud est\u00e1 sobrepasado de personal y tenemos siete trabajadores con COVID 19\u201d.<br><\/p>\n\n\n\n<p>Son 19 trabajadores a los que han reacomodado en otras \u00e1reas, \u201cpero est\u00e1n aglomerados, tenemos necesidades en otras \u00e1reas, en dispensarios, centros m\u00e9dicos, nos faltan enfermeras, m\u00e9dicos administrativos\u201d.<br><\/p>\n\n\n\n<p>Asimismo, personal sindicalizado de la Jurisdicci\u00f3n Sanitaria N\u00famero 12 de Altamira, Gonz\u00e1lez y Aldama, tom\u00f3 la oficina de Recursos Humanos se\u00f1alando, igualmente, carencias y la redistribuci\u00f3n de las basificaciones.<br><\/p>\n\n\n\n<p>Miguel \u00c1ngel D\u00edaz Ahumada, representante de los sindicalizados, dijo que exigen la destituci\u00f3n de la titular de Recursos Humanos de esa jurisdicci\u00f3n, pues refiere que s\u00f3lo entorpece el trabajo que ah\u00ed se desempe\u00f1a, adem\u00e1s de conducirse con prepotencia hacia la clase trabajadora. Indic\u00f3 que se trata de Carmen Lina Parra, de quien buscan ya no regrese a la oficina. Mencion\u00f3 que la titular de esa \u00e1rea tiene aproximadamente un a\u00f1o en el puesto y fue recomendada por altas autoridades de Salud.<\/p>\n","protected":false},"excerpt":{"rendered":"<p>Reclaman por movimientos que se est\u00e1n haciendo en el personal, as\u00ed como supuestas carencias que tienen. De forma simult\u00e1nea, trabajadores sindicalizados de las Jurisdicciones Sanitarias N\u00famero 12 y 02, que corresponden a la zona sur del estado, fueron tomadas en protesta por movimientos que se est\u00e1n haciendo en el personal, as\u00ed como por supuestas carencias [&hellip;]<\/p>\n","protected":false},"author":1,"featured_media":46873,"comment_status":"closed","ping_status":"closed","sticky":false,"template":"","format":"standard","meta":{"footnotes":""},"categories":[34],"tags":[],"class_list":["post-46872","post","type-post","status-publish","format-standard","has-post-thumbnail","hentry","category-nacional"],"_links":{"self":[{"href":"https:\/\/elinformante.mx\/index.php?rest_route=\/wp\/v2\/posts\/46872","targetHints":{"allow":["GET"]}}],"collection":[{"href":"https:\/\/elinformante.mx\/index.php?rest_route=\/wp\/v2\/posts"}],"about":[{"href":"https:\/\/elinformante.mx\/index.php?rest_route=\/wp\/v2\/types\/post"}],"author":[{"embeddable":true,"href":"https:\/\/elinformante.mx\/index.php?rest_route=\/wp\/v2\/users\/1"}],"replies":[{"embeddable":true,"href":"https:\/\/elinformante.mx\/index.php?rest_route=%2Fwp%2Fv2%2Fcomments&post=46872"}],"version-history":[{"count":0,"href":"https:\/\/elinformante.mx\/index.php?rest_route=\/wp\/v2\/posts\/46872\/revisions"}],"wp:featuredmedia":[{"embeddable":true,"href":"https:\/\/elinformante.mx\/index.php?rest_route=\/wp\/v2\/media\/46873"}],"wp:attachment":[{"href":"https:\/\/elinformante.mx\/index.php?rest_route=%2Fwp%2Fv2%2Fmedia&parent=46872"}],"wp:term":[{"taxonomy":"category","embeddable":true,"href":"https:\/\/elinformante.mx\/index.php?rest_route=%2Fwp%2Fv2%2Fcategories&post=46872"},{"taxonomy":"post_tag","embeddable":true,"href":"https:\/\/elinformante.mx\/index.php?rest_route=%2Fwp%2Fv2%2Ftags&post=46872"}],"curies":[{"name":"wp","href":"https:\/\/api.w.org\/{rel}","templated":true}]}}