{"id":46878,"date":"2024-02-09T05:56:29","date_gmt":"2024-02-09T11:56:29","guid":{"rendered":"https:\/\/elinformante.mx\/?p=46878"},"modified":"2024-02-09T05:56:30","modified_gmt":"2024-02-09T11:56:30","slug":"la-gente-esta-contenta-me-dejo-de-llamar-andres-manuel-si-no","status":"publish","type":"post","link":"https:\/\/elinformante.mx\/?p=46878","title":{"rendered":"La gente est\u00e1 contenta, \u201cme dejo de llamar Andr\u00e9s Manuel si no\u201d"},"content":{"rendered":"\n<blockquote class=\"wp-block-quote is-layout-flow wp-block-quote-is-layout-flow\">\n<p>Asegura que se magnifica lo que pasa en algunos lugares y que, incluso, se saca de contexto, en referencia a los desplazados de Chiapas y la Sierra Tarahumara.<\/p>\n<\/blockquote>\n\n\n\n<p>El Presidente de M\u00e9xico, Andr\u00e9s Manuel L\u00f3pez Obrador, ha abordado la percepci\u00f3n p\u00fablica y el estado de \u00e1nimo de la poblaci\u00f3n, reflejando un ambiente positivo en medio de la pol\u00e9mica y las cr\u00edticas.<br><\/p>\n\n\n\n<p>L\u00f3pez Obrador destac\u00f3 que muchas veces las cosas se malinterpretan debido a la falta de informaci\u00f3n adecuada. Sin embargo, enfatiz\u00f3 que su administraci\u00f3n no es responsable de esta situaci\u00f3n y que est\u00e1n dispuestos a proporcionar toda la informaci\u00f3n necesaria para clarificar cualquier malentendido.<br><\/p>\n\n\n\n<p>El presidente reconoci\u00f3 el apoyo continuo que ha recibido de la poblaci\u00f3n, mencionando espec\u00edficamente el cari\u00f1o y la cercan\u00eda que siente con la gente de Imuris y otros lugares del pa\u00eds. Ante las cr\u00edticas y opiniones adversas, reiter\u00f3 que han trabajado arduamente para ayudar a la poblaci\u00f3n y que seguir\u00e1n haci\u00e9ndolo en el futuro.<br><\/p>\n\n\n\n<figure class=\"wp-block-image size-large\"><img fetchpriority=\"high\" decoding=\"async\" width=\"1024\" height=\"503\" src=\"https:\/\/elinformante.mx\/wp-content\/uploads\/2024\/02\/LA-GENTE-1024x503.jpg\" alt=\"\" class=\"wp-image-46880\" srcset=\"https:\/\/elinformante.mx\/wp-content\/uploads\/2024\/02\/LA-GENTE-1024x503.jpg 1024w, https:\/\/elinformante.mx\/wp-content\/uploads\/2024\/02\/LA-GENTE-300x147.jpg 300w, https:\/\/elinformante.mx\/wp-content\/uploads\/2024\/02\/LA-GENTE-768x377.jpg 768w, https:\/\/elinformante.mx\/wp-content\/uploads\/2024\/02\/LA-GENTE-580x285.jpg 580w, https:\/\/elinformante.mx\/wp-content\/uploads\/2024\/02\/LA-GENTE-860x422.jpg 860w, https:\/\/elinformante.mx\/wp-content\/uploads\/2024\/02\/LA-GENTE.jpg 1140w\" sizes=\"(max-width: 1024px) 100vw, 1024px\" \/><\/figure>\n\n\n\n<p>\u201cLa gente est\u00e1 muy contenta en todos lados, me dejo de llamar Andr\u00e9s Manuel si no es as\u00ed\u201d.<br><\/p>\n\n\n\n<p>En cuanto a las opiniones negativas, L\u00f3pez Obrador respondi\u00f3 con firmeza, indicando que cada persona tiene su punto de vista, pero que su gobierno continuar\u00e1 trabajando en beneficio del pueblo mexicano. Afirm\u00f3 que comprende la situaci\u00f3n y las percepciones de la gente, pero que est\u00e1 seguro de que la mayor\u00eda de la poblaci\u00f3n est\u00e1 satisfecha con su gesti\u00f3n.<br><\/p>\n\n\n\n<p>Por otro lado, sostuvo que M\u00e9xico \u201cno es pi\u00f1ata de nadie\u201d, al advertir que el tema de la migraci\u00f3n est\u00e1 siendo utilizado como tema electoral en los Estados Unidos.<br><\/p>\n\n\n\n<p>Indic\u00f3 que este mi\u00e9rcoles hubo una votaci\u00f3n en el Congreso estadounidense y se rechaz\u00f3 una propuesta que present\u00f3 el presidente Biden en materia migratoria, porque pues todo es ya pol\u00edtico-electoral y quieren utilizar, cosa que no vamos a permitir, el tema migratorio como otros asuntos para sacar raja en lo electoral, los partidos, M\u00e9xico no es pi\u00f1ata de nadie, entonces vamos a estar pendientes\u201d, indic\u00f3.<\/p>\n","protected":false},"excerpt":{"rendered":"<p>Asegura que se magnifica lo que pasa en algunos lugares y que, incluso, se saca de contexto, en referencia a los desplazados de Chiapas y la Sierra Tarahumara. El Presidente de M\u00e9xico, Andr\u00e9s Manuel L\u00f3pez Obrador, ha abordado la percepci\u00f3n p\u00fablica y el estado de \u00e1nimo de la poblaci\u00f3n, reflejando un ambiente positivo en medio [&hellip;]<\/p>\n","protected":false},"author":1,"featured_media":46879,"comment_status":"closed","ping_status":"closed","sticky":false,"template":"","format":"standard","meta":{"footnotes":""},"categories":[34],"tags":[],"class_list":["post-46878","post","type-post","status-publish","format-standard","has-post-thumbnail","hentry","category-nacional"],"_links":{"self":[{"href":"https:\/\/elinformante.mx\/index.php?rest_route=\/wp\/v2\/posts\/46878","targetHints":{"allow":["GET"]}}],"collection":[{"href":"https:\/\/elinformante.mx\/index.php?rest_route=\/wp\/v2\/posts"}],"about":[{"href":"https:\/\/elinformante.mx\/index.php?rest_route=\/wp\/v2\/types\/post"}],"author":[{"embeddable":true,"href":"https:\/\/elinformante.mx\/index.php?rest_route=\/wp\/v2\/users\/1"}],"replies":[{"embeddable":true,"href":"https:\/\/elinformante.mx\/index.php?rest_route=%2Fwp%2Fv2%2Fcomments&post=46878"}],"version-history":[{"count":0,"href":"https:\/\/elinformante.mx\/index.php?rest_route=\/wp\/v2\/posts\/46878\/revisions"}],"wp:featuredmedia":[{"embeddable":true,"href":"https:\/\/elinformante.mx\/index.php?rest_route=\/wp\/v2\/media\/46879"}],"wp:attachment":[{"href":"https:\/\/elinformante.mx\/index.php?rest_route=%2Fwp%2Fv2%2Fmedia&parent=46878"}],"wp:term":[{"taxonomy":"category","embeddable":true,"href":"https:\/\/elinformante.mx\/index.php?rest_route=%2Fwp%2Fv2%2Fcategories&post=46878"},{"taxonomy":"post_tag","embeddable":true,"href":"https:\/\/elinformante.mx\/index.php?rest_route=%2Fwp%2Fv2%2Ftags&post=46878"}],"curies":[{"name":"wp","href":"https:\/\/api.w.org\/{rel}","templated":true}]}}