{"id":47018,"date":"2024-02-13T04:56:03","date_gmt":"2024-02-13T10:56:03","guid":{"rendered":"https:\/\/elinformante.mx\/?p=47018"},"modified":"2024-02-13T04:56:03","modified_gmt":"2024-02-13T10:56:03","slug":"manuel-vilchis-sigue-impulsando-al-sector-educativo-de-zinacantepec","status":"publish","type":"post","link":"https:\/\/elinformante.mx\/?p=47018","title":{"rendered":"Manuel Vilchis sigue impulsando al sector educativo de Zinacantepec"},"content":{"rendered":"\n<blockquote class=\"wp-block-quote is-layout-flow wp-block-quote-is-layout-flow\">\n<p>\u201cMi tarea est\u00e1 hecha, como servidor p\u00fablico he cumplido con el sector educativo\u201d, afirm\u00f3 Manuel Vilchis.<\/p>\n<\/blockquote>\n\n\n\n<p>Al ritmo de la Banda de Marcha \u201cMurci\u00e9lagos\u201d, en la Escuela Normal Superior del Valle de Toluca (ENSVT), fueron recibidas esta ma\u00f1ana las autoridades municipales para supervisar la entrega de la techumbre del plantel, obra que beneficiar\u00e1 de manera directa a m\u00e1s de 600 educandos.<br><\/p>\n\n\n\n<p>El presidente municipal de Zinacantepec, Manuel Vilchis Viveros, acompa\u00f1ado de regidoras y regidores, se reuni\u00f3 con autoridades educativas, docentes y educandos, para la entrega formal del arco techo de 450 metros cuadrados, con dimensiones de 25 metros de largo por 18 metros de ancho; con ello se busca mejorar las instalaciones para el desarrollo de las actividades educativas, deportivas, recreativas e interacci\u00f3n para consolidar mejores espacios educativos.<br><\/p>\n\n\n\n<figure class=\"wp-block-image size-large\"><img fetchpriority=\"high\" decoding=\"async\" width=\"1024\" height=\"503\" src=\"https:\/\/elinformante.mx\/wp-content\/uploads\/2024\/02\/MANUEL-VILCHIS-2-3-1024x503.jpg\" alt=\"\" class=\"wp-image-47020\" srcset=\"https:\/\/elinformante.mx\/wp-content\/uploads\/2024\/02\/MANUEL-VILCHIS-2-3-1024x503.jpg 1024w, https:\/\/elinformante.mx\/wp-content\/uploads\/2024\/02\/MANUEL-VILCHIS-2-3-300x147.jpg 300w, https:\/\/elinformante.mx\/wp-content\/uploads\/2024\/02\/MANUEL-VILCHIS-2-3-768x377.jpg 768w, https:\/\/elinformante.mx\/wp-content\/uploads\/2024\/02\/MANUEL-VILCHIS-2-3-580x285.jpg 580w, https:\/\/elinformante.mx\/wp-content\/uploads\/2024\/02\/MANUEL-VILCHIS-2-3-860x422.jpg 860w, https:\/\/elinformante.mx\/wp-content\/uploads\/2024\/02\/MANUEL-VILCHIS-2-3.jpg 1140w\" sizes=\"(max-width: 1024px) 100vw, 1024px\" \/><\/figure>\n\n\n\n<p>Jorge Bastida Mu\u00f1oz Director del centro educativo, reconoci\u00f3 el sentido de pertenencia y compromiso manifiesto de la administraci\u00f3n 2022-2024, \u201c\u2026como pocas veces se ha visto la atenci\u00f3n de manera equitativa, sin distingos para los sectores sociales m\u00e1s necesitados, adem\u00e1s de un apoyo para el sector educativo perteneciente a los sistemas estatal y federal\u201d.<br><\/p>\n\n\n\n<p>A nombre de la comunidad estudiantil Lesly Yareth Col\u00edn Guadarrama del octavo semestre de la licenciatura en Educaci\u00f3n Primaria, asever\u00f3 \u201cHoy es un d\u00eda muy especial para la comunidad normalista, esta obra municipal, da cuenta del compromiso del presidente Manuel Vilchis para con la educaci\u00f3n p\u00fablica, al dotarnos de un espacio digno, bonito y \u00fatil para las diversas actividades acad\u00e9micas, c\u00edvicas, culturales y l\u00fadicas que se desarrollan en la escuela.<br><\/p>\n\n\n\n<p>Por su parte el alcalde refrend\u00f3 su compromiso con los estudiantes y futuros formadores, a quienes exhort\u00f3 a conducirse con honradez y respeto \u201c\u2026el d\u00eda de ma\u00f1ana ustedes educar\u00e1n a ni\u00f1as y ni\u00f1os del municipio, necesitamos de sus ideas frescas, adem\u00e1s ustedes deber\u00e1n tomar decisiones informadas y consientes, su participaci\u00f3n juega un papel fundamental en la lucha por la democracia y la construcci\u00f3n de un mejor pa\u00eds, cuentan con nuestro apoyo, yo estoy aqu\u00ed cumpliendo con hechos\u201d.<\/p>\n","protected":false},"excerpt":{"rendered":"<p>\u201cMi tarea est\u00e1 hecha, como servidor p\u00fablico he cumplido con el sector educativo\u201d, afirm\u00f3 Manuel Vilchis. Al ritmo de la Banda de Marcha \u201cMurci\u00e9lagos\u201d, en la Escuela Normal Superior del Valle de Toluca (ENSVT), fueron recibidas esta ma\u00f1ana las autoridades municipales para supervisar la entrega de la techumbre del plantel, obra que beneficiar\u00e1 de manera [&hellip;]<\/p>\n","protected":false},"author":1,"featured_media":47019,"comment_status":"closed","ping_status":"closed","sticky":false,"template":"","format":"standard","meta":{"footnotes":""},"categories":[30,36],"tags":[],"class_list":["post-47018","post","type-post","status-publish","format-standard","has-post-thumbnail","hentry","category-destacado","category-edomex"],"_links":{"self":[{"href":"https:\/\/elinformante.mx\/index.php?rest_route=\/wp\/v2\/posts\/47018","targetHints":{"allow":["GET"]}}],"collection":[{"href":"https:\/\/elinformante.mx\/index.php?rest_route=\/wp\/v2\/posts"}],"about":[{"href":"https:\/\/elinformante.mx\/index.php?rest_route=\/wp\/v2\/types\/post"}],"author":[{"embeddable":true,"href":"https:\/\/elinformante.mx\/index.php?rest_route=\/wp\/v2\/users\/1"}],"replies":[{"embeddable":true,"href":"https:\/\/elinformante.mx\/index.php?rest_route=%2Fwp%2Fv2%2Fcomments&post=47018"}],"version-history":[{"count":0,"href":"https:\/\/elinformante.mx\/index.php?rest_route=\/wp\/v2\/posts\/47018\/revisions"}],"wp:featuredmedia":[{"embeddable":true,"href":"https:\/\/elinformante.mx\/index.php?rest_route=\/wp\/v2\/media\/47019"}],"wp:attachment":[{"href":"https:\/\/elinformante.mx\/index.php?rest_route=%2Fwp%2Fv2%2Fmedia&parent=47018"}],"wp:term":[{"taxonomy":"category","embeddable":true,"href":"https:\/\/elinformante.mx\/index.php?rest_route=%2Fwp%2Fv2%2Fcategories&post=47018"},{"taxonomy":"post_tag","embeddable":true,"href":"https:\/\/elinformante.mx\/index.php?rest_route=%2Fwp%2Fv2%2Ftags&post=47018"}],"curies":[{"name":"wp","href":"https:\/\/api.w.org\/{rel}","templated":true}]}}