{"id":47033,"date":"2024-02-13T05:15:25","date_gmt":"2024-02-13T11:15:25","guid":{"rendered":"https:\/\/elinformante.mx\/?p=47033"},"modified":"2024-02-13T05:15:26","modified_gmt":"2024-02-13T11:15:26","slug":"inauguran-en-tepito-nuevo-plantel-de-bachillerato-y-promocion-al-boxeo","status":"publish","type":"post","link":"https:\/\/elinformante.mx\/?p=47033","title":{"rendered":"Inauguran en Tepito nuevo plantel de bachillerato y promoci\u00f3n al boxeo"},"content":{"rendered":"\n<blockquote class=\"wp-block-quote is-layout-flow wp-block-quote-is-layout-flow\">\n<p>Mart\u00ed Batres, destac\u00f3 que esta escuela se instaura en un barrio acostumbrado a las glorias del boxeo.<\/p>\n<\/blockquote>\n\n\n\n<p>El presidente Andr\u00e9s Manuel L\u00f3pez Obrador junto con el jefe de Gobierno de la Ciudad de M\u00e9xico, inauguraron el nuevo plantel de Bachillerato Tecnol\u00f3gico de Educaci\u00f3n y Promoci\u00f3n Deportiva (BTED), en Tepito (colonia Morelos), para m\u00e1s de 200 alumnos que combinan sus estudios con la pr\u00e1ctica del boxeo.<br><\/p>\n\n\n\n<p>Entre puestos ambulantes y vecinos de la zona, se instaur\u00f3 el centro educativo, que cuenta con aulas, dormitorios, \u00e1reas de entrenamiento, esparcimiento, comedor, entre otros, para brindar herramientas acad\u00e9micas a j\u00f3venes, hombres y mujeres, entre 15 y 18 a\u00f1os, que pueden seguir con sus estudios al mismo tiempo que buscan destacar en su disciplina, o dedicarse en el futuro a la ense\u00f1anza y entrenamiento del pugilismo.<br><\/p>\n\n\n\n<p>\u201cEl deporte es medicina preventiva. Si se practica el deporte se evitan enfermedades y se aleja la tentaci\u00f3n de las conductas antisociales. No s\u00f3lo es boxeo, es estudio por si no quieren continuar en su trayectoria deportiva profesional, que sigan, terminen su preparatoria y puedan ser tambi\u00e9n entrenadores o profesores de educaci\u00f3n f\u00edsica\u201d, dijo L\u00f3pez Obrador.<br><\/p>\n\n\n\n<figure class=\"wp-block-image size-large\"><img fetchpriority=\"high\" decoding=\"async\" width=\"1024\" height=\"503\" src=\"https:\/\/elinformante.mx\/wp-content\/uploads\/2024\/02\/INAUGURAN-EN-2-1024x503.jpg\" alt=\"\" class=\"wp-image-47035\" srcset=\"https:\/\/elinformante.mx\/wp-content\/uploads\/2024\/02\/INAUGURAN-EN-2-1024x503.jpg 1024w, https:\/\/elinformante.mx\/wp-content\/uploads\/2024\/02\/INAUGURAN-EN-2-300x147.jpg 300w, https:\/\/elinformante.mx\/wp-content\/uploads\/2024\/02\/INAUGURAN-EN-2-768x377.jpg 768w, https:\/\/elinformante.mx\/wp-content\/uploads\/2024\/02\/INAUGURAN-EN-2-580x285.jpg 580w, https:\/\/elinformante.mx\/wp-content\/uploads\/2024\/02\/INAUGURAN-EN-2-860x422.jpg 860w, https:\/\/elinformante.mx\/wp-content\/uploads\/2024\/02\/INAUGURAN-EN-2.jpg 1140w\" sizes=\"(max-width: 1024px) 100vw, 1024px\" \/><\/figure>\n\n\n\n<p>Por su parte, el jefe de gobierno de la Ciudad de M\u00e9xico, Mart\u00ed Batres, destac\u00f3 que esta escuela se instaura en las entra\u00f1as de un barrio acostumbrado a impulsar glorias en el boxeo, que marcaron la historia del deporte de los pu\u00f1os.<br><\/p>\n\n\n\n<p>\u201cCuando hablamos de escuela de box en Tepito es importante hacer precisi\u00f3n en los t\u00e9rminos, porque se refiere a un plantel, a una tradici\u00f3n, un pensamiento, pr\u00e1ctica o t\u00e9cnicas. Hoy el gobierno federal y el de la Ciudad de M\u00e9xico, entregan este plantel, pero Tepito y otras zonas, son las que han dado al pa\u00eds su escuela de box\u201d, declar\u00f3 en su intervenci\u00f3n, ante estudiantes, maestros y vecinos en el patio central del centro educativo que entr\u00f3 formalmente en funciones en octubre pasado.<br><\/p>\n\n\n\n<p>En develaci\u00f3n de la placa de inauguraci\u00f3n, tambi\u00e9n estuvieron presentes Leticia Ram\u00edrez, titular de la Secretar\u00eda de Educaci\u00f3n P\u00fablica (SEP), Fernando Magro Soto Otero, director general del BTED, Nora Ruvalcaba G\u00e1mez, subsecretaria de Educaci\u00f3n Media Superior, Oscar Flores Jim\u00e9nez, titular de la Unidad de Administraci\u00f3n y Finanzas de la SEP, Daphne Rubio Gonz\u00e1lez, directora General de Recursos Materiales y Servicios de la SEP, as\u00ed como Jes\u00fas Antonio Esteban Medina, Secretario de Obras y Servicios.<br><\/p>\n\n\n\n<p>Se trata del segundo plantel en la Ciudad de M\u00e9xico, despu\u00e9s del que se inaugur\u00f3 en la alcald\u00eda Cuauht\u00e9moc, tambi\u00e9n enfocado a la pr\u00e1ctica del boxeo. En total son ocho planteles en la rep\u00fablica: uno en Estado de M\u00e9xico, Campeche, Veracruz, dos en Sonora (enfocados en el beisbol) y uno m\u00e1s en Tlaxcala (atletismo).<\/p>\n","protected":false},"excerpt":{"rendered":"<p>Mart\u00ed Batres, destac\u00f3 que esta escuela se instaura en un barrio acostumbrado a las glorias del boxeo. El presidente Andr\u00e9s Manuel L\u00f3pez Obrador junto con el jefe de Gobierno de la Ciudad de M\u00e9xico, inauguraron el nuevo plantel de Bachillerato Tecnol\u00f3gico de Educaci\u00f3n y Promoci\u00f3n Deportiva (BTED), en Tepito (colonia Morelos), para m\u00e1s de 200 [&hellip;]<\/p>\n","protected":false},"author":1,"featured_media":47034,"comment_status":"closed","ping_status":"closed","sticky":false,"template":"","format":"standard","meta":{"footnotes":""},"categories":[35,30],"tags":[],"class_list":["post-47033","post","type-post","status-publish","format-standard","has-post-thumbnail","hentry","category-cdmx","category-destacado"],"_links":{"self":[{"href":"https:\/\/elinformante.mx\/index.php?rest_route=\/wp\/v2\/posts\/47033","targetHints":{"allow":["GET"]}}],"collection":[{"href":"https:\/\/elinformante.mx\/index.php?rest_route=\/wp\/v2\/posts"}],"about":[{"href":"https:\/\/elinformante.mx\/index.php?rest_route=\/wp\/v2\/types\/post"}],"author":[{"embeddable":true,"href":"https:\/\/elinformante.mx\/index.php?rest_route=\/wp\/v2\/users\/1"}],"replies":[{"embeddable":true,"href":"https:\/\/elinformante.mx\/index.php?rest_route=%2Fwp%2Fv2%2Fcomments&post=47033"}],"version-history":[{"count":0,"href":"https:\/\/elinformante.mx\/index.php?rest_route=\/wp\/v2\/posts\/47033\/revisions"}],"wp:featuredmedia":[{"embeddable":true,"href":"https:\/\/elinformante.mx\/index.php?rest_route=\/wp\/v2\/media\/47034"}],"wp:attachment":[{"href":"https:\/\/elinformante.mx\/index.php?rest_route=%2Fwp%2Fv2%2Fmedia&parent=47033"}],"wp:term":[{"taxonomy":"category","embeddable":true,"href":"https:\/\/elinformante.mx\/index.php?rest_route=%2Fwp%2Fv2%2Fcategories&post=47033"},{"taxonomy":"post_tag","embeddable":true,"href":"https:\/\/elinformante.mx\/index.php?rest_route=%2Fwp%2Fv2%2Ftags&post=47033"}],"curies":[{"name":"wp","href":"https:\/\/api.w.org\/{rel}","templated":true}]}}