{"id":47040,"date":"2024-02-13T05:20:57","date_gmt":"2024-02-13T11:20:57","guid":{"rendered":"https:\/\/elinformante.mx\/?p=47040"},"modified":"2024-02-13T05:20:59","modified_gmt":"2024-02-13T11:20:59","slug":"serie-de-sismos-provocan-suspension-de-clases-en-mexicali","status":"publish","type":"post","link":"https:\/\/elinformante.mx\/?p=47040","title":{"rendered":"Serie de sismos provocan suspensi\u00f3n de clases en Mexicali"},"content":{"rendered":"\n<blockquote class=\"wp-block-quote is-layout-flow wp-block-quote-is-layout-flow\">\n<p>Los temblores se registraron pasada la medianoche y hasta unos dos horas despu\u00e9s, se pudieron percibir en Mexicali, Tijuana y Tecate.<\/p>\n<\/blockquote>\n\n\n\n<p>Tras una serie de sismos que sacudieron a Baja California la madrugada de este lunes, se tom\u00f3 la determinaci\u00f3n de suspender las clases en el municipio de Mexicali para revisar la infraestructura. La Coordinaci\u00f3n Estatal de Protecci\u00f3n Civil de Baja California, coment\u00f3 que los movimientos tel\u00faricos se registraron entre las 00:36 y las 02:25 horas, con epicentro en el condado de Imperial, California. Sin embargo, por lo menos tres se percibieron en los municipios de Mexicali, Tijuana y Tecate. Sin embargo hasta el momento no se registran da\u00f1os, no obstante, el Consejo Estatal de Protecci\u00f3n Civil sesionar\u00e1<br><\/p>\n\n\n\n<p>de forma permanente para descartar cualquier afectaci\u00f3n a la ciudadan\u00eda bajacaliforniana. La Secretar\u00eda de Educaci\u00f3n de Baja California emiti\u00f3 la orden, de tomar como medida preventiva ante los temblores, la suspensi\u00f3n de las clases en todos los niveles educativos en el municipio de Mexicali. Las acciones ser\u00e1n con el fin de revisar las escuelas y dem\u00e1s infraestructura educativa, para verificar que sean seguras para ni\u00f1as, ni\u00f1os y j\u00f3venes. Tras los hechos, la gobernadora de la entidad, Marina Del Pilar, reiter\u00f3 que no se han registrado da\u00f1os, pero hizo un llamado a la poblaci\u00f3n para estar en calma y atentos a la informaci\u00f3n oficial. A su vez, la Coordinaci\u00f3n Nacional de Protecci\u00f3n Civil (CNPC) inici\u00f3 comunicaci\u00f3n con las unidades estatales y municipales para realizar una evaluaci\u00f3n preliminar de la zona.<\/p>\n","protected":false},"excerpt":{"rendered":"<p>Los temblores se registraron pasada la medianoche y hasta unos dos horas despu\u00e9s, se pudieron percibir en Mexicali, Tijuana y Tecate. Tras una serie de sismos que sacudieron a Baja California la madrugada de este lunes, se tom\u00f3 la determinaci\u00f3n de suspender las clases en el municipio de Mexicali para revisar la infraestructura. La Coordinaci\u00f3n [&hellip;]<\/p>\n","protected":false},"author":1,"featured_media":47041,"comment_status":"closed","ping_status":"closed","sticky":false,"template":"","format":"standard","meta":{"footnotes":""},"categories":[30,34],"tags":[],"class_list":["post-47040","post","type-post","status-publish","format-standard","has-post-thumbnail","hentry","category-destacado","category-nacional"],"_links":{"self":[{"href":"https:\/\/elinformante.mx\/index.php?rest_route=\/wp\/v2\/posts\/47040","targetHints":{"allow":["GET"]}}],"collection":[{"href":"https:\/\/elinformante.mx\/index.php?rest_route=\/wp\/v2\/posts"}],"about":[{"href":"https:\/\/elinformante.mx\/index.php?rest_route=\/wp\/v2\/types\/post"}],"author":[{"embeddable":true,"href":"https:\/\/elinformante.mx\/index.php?rest_route=\/wp\/v2\/users\/1"}],"replies":[{"embeddable":true,"href":"https:\/\/elinformante.mx\/index.php?rest_route=%2Fwp%2Fv2%2Fcomments&post=47040"}],"version-history":[{"count":0,"href":"https:\/\/elinformante.mx\/index.php?rest_route=\/wp\/v2\/posts\/47040\/revisions"}],"wp:featuredmedia":[{"embeddable":true,"href":"https:\/\/elinformante.mx\/index.php?rest_route=\/wp\/v2\/media\/47041"}],"wp:attachment":[{"href":"https:\/\/elinformante.mx\/index.php?rest_route=%2Fwp%2Fv2%2Fmedia&parent=47040"}],"wp:term":[{"taxonomy":"category","embeddable":true,"href":"https:\/\/elinformante.mx\/index.php?rest_route=%2Fwp%2Fv2%2Fcategories&post=47040"},{"taxonomy":"post_tag","embeddable":true,"href":"https:\/\/elinformante.mx\/index.php?rest_route=%2Fwp%2Fv2%2Ftags&post=47040"}],"curies":[{"name":"wp","href":"https:\/\/api.w.org\/{rel}","templated":true}]}}