{"id":47043,"date":"2024-02-13T05:23:21","date_gmt":"2024-02-13T11:23:21","guid":{"rendered":"https:\/\/elinformante.mx\/?p=47043"},"modified":"2024-02-13T05:23:22","modified_gmt":"2024-02-13T11:23:22","slug":"iniciativa-mujeres-extraordinarias-promueve-incursion-de-ninas-y-adolescentes-en-la-ciencia-y-la-tecnologia","status":"publish","type":"post","link":"https:\/\/elinformante.mx\/?p=47043","title":{"rendered":"Iniciativa \u201cMujeres Extraordinarias\u201d promueve incursi\u00f3n de ni\u00f1as y adolescentes en la ciencia y la tecnolog\u00eda"},"content":{"rendered":"\n<blockquote class=\"wp-block-quote is-layout-flow wp-block-quote-is-layout-flow\">\n<p>La Secretar\u00eda de las Mujeres y SIPINNA llevar\u00e1n charlas y videoconferencias a instituciones educativas de secundaria y bachillerato para incentivar la elecci\u00f3n de una carrera STEM.<\/p>\n<\/blockquote>\n\n\n\n<p>Con la finalidad de romper estereotipos de g\u00e9nero en \u00e1mbitos acad\u00e9micos y profesionales e incentivar a las ni\u00f1as y adolescentes a emprender carreras en ciencia y tecnolog\u00eda, el Gobierno del Estado de M\u00e9xico, dirigido por la Maestra Delfina G\u00f3mez \u00c1lvarez, a trav\u00e9s de la Secretar\u00eda de las Mujeres (SeMujeres) y del Sistema de Protecci\u00f3n Integral de Ni\u00f1as, Ni\u00f1os y Adolescentes (SIPINNA), pone en marcha la iniciativa \u201cMujeres Extraordinarias\u201d.<br><\/p>\n\n\n\n<p>M\u00f3nica Ch\u00e1vez Dur\u00e1n, titular de la SeMujeres resalt\u00f3 que, el 95 por ciento de las ni\u00f1as mexicanas no consideran una carrera relacionada con la ciencia, tecnolog\u00eda, ingenier\u00eda o las matem\u00e1ticas (STEM por sus siglas en ingl\u00e9s), en 2021, s\u00f3lo una de cada 10 mujeres profesionistas de la zona metropolitana del Valle de M\u00e9xico era egresada de estas carreras y al 2022, el Estado de M\u00e9xico ten\u00eda mil 962 miembros del Sistema Nacional de Investigadores, de las cuales, solo el 38 por ciento eran mujeres.<br><\/p>\n\n\n\n<p>Con esta iniciativa se pretende incrementar la participaci\u00f3n de las ni\u00f1as y j\u00f3venes, asegurar su permanencia y promover que lleguen a puestos de decisi\u00f3n, para ello, se desarrollar\u00e1n charlas y videoconferencias en instituciones educativas de nivel secundaria y media superior, dirigidas por destacadas cient\u00edficas de la entidad mexiquense, con el prop\u00f3sito de estimular el inter\u00e9s por la educaci\u00f3n superior, orientar el desarrollo de proyectos de vida y considerar una vida profesional vinculada a estas ramas del conocimiento, as\u00ed como tambi\u00e9n en el deporte, cultura, emprendimiento, entre otras.<br><\/p>\n\n\n\n<p>Al respecto, el rector de la Universidad Aut\u00f3noma del Estado de M\u00e9xico (UAEM\u00e9x), Carlos Eduardo Barrera D\u00edaz, expuso que las investigadoras mexiquenses y universitarias son ejemplo de dedicaci\u00f3n y pasi\u00f3n por la ciencia que inspira a las futuras generaciones.<br><\/p>\n\n\n\n<figure class=\"wp-block-image size-large\"><img fetchpriority=\"high\" decoding=\"async\" width=\"1024\" height=\"503\" src=\"https:\/\/elinformante.mx\/wp-content\/uploads\/2024\/02\/INICIATIVAS-MUJERES-2-1024x503.jpg\" alt=\"\" class=\"wp-image-47045\" srcset=\"https:\/\/elinformante.mx\/wp-content\/uploads\/2024\/02\/INICIATIVAS-MUJERES-2-1024x503.jpg 1024w, https:\/\/elinformante.mx\/wp-content\/uploads\/2024\/02\/INICIATIVAS-MUJERES-2-300x147.jpg 300w, https:\/\/elinformante.mx\/wp-content\/uploads\/2024\/02\/INICIATIVAS-MUJERES-2-768x377.jpg 768w, https:\/\/elinformante.mx\/wp-content\/uploads\/2024\/02\/INICIATIVAS-MUJERES-2-580x285.jpg 580w, https:\/\/elinformante.mx\/wp-content\/uploads\/2024\/02\/INICIATIVAS-MUJERES-2-860x422.jpg 860w, https:\/\/elinformante.mx\/wp-content\/uploads\/2024\/02\/INICIATIVAS-MUJERES-2.jpg 1140w\" sizes=\"(max-width: 1024px) 100vw, 1024px\" \/><\/figure>\n\n\n\n<p>En sus redes sociales escribi\u00f3: \u201cAcud\u00ed a la Presentaci\u00f3n de la estrategia \u201cMujeres Extraordinarias\u201d, programa impulsado por el Gobierno del Estado de M\u00e9xico, a trav\u00e9s de la Secretar\u00eda de las Mujeres, que promueve que las ni\u00f1as y adolescentes desarrollen sus habilidades dentro de la ciencia, tecnolog\u00eda, ingenier\u00edas y matem\u00e1ticas\u201d.<br><\/p>\n\n\n\n<p>Al terminar el primer ejercicio de esta iniciativa, realizado en la Biblioteca del Centro Cultural Mexiquense, la Doctora Ana Mar\u00eda Soler Arechalde, del Instituto de Geof\u00edsica de la Universidad Nacional Aut\u00f3noma de M\u00e9xico (UNAM), dijo a las participantes que no deben tener l\u00edmites, ahora se cuenta con herramientas que les permitir\u00e1n llegar a donde ellas deseen, por lo que las exhort\u00f3 a seguir adelante con sus estudios.<br><\/p>\n\n\n\n<p>En el evento estuvieron Nelly Minerva Carrasco God\u00ednez, Secretaria de Cultura y Turismo; Carlos Eduardo Barrera D\u00edaz, Rector de la Universidad Aut\u00f3noma del Estado de M\u00e9xico (UAEMex); Daniel Cu\u00e9llar Mart\u00ednez, Secretario Ejecutivo del SIPINNA; Elsa Lourdes Fuertes Robles, Directora del Consejo para la Convivencia Escolar (CONVIVE), y V\u00edctor \u00c1vila Akerberg, Director General del Consejo Mexiquense de Ciencia y Tecnolog\u00eda (Comecyt).<\/p>\n","protected":false},"excerpt":{"rendered":"<p>La Secretar\u00eda de las Mujeres y SIPINNA llevar\u00e1n charlas y videoconferencias a instituciones educativas de secundaria y bachillerato para incentivar la elecci\u00f3n de una carrera STEM. Con la finalidad de romper estereotipos de g\u00e9nero en \u00e1mbitos acad\u00e9micos y profesionales e incentivar a las ni\u00f1as y adolescentes a emprender carreras en ciencia y tecnolog\u00eda, el Gobierno [&hellip;]<\/p>\n","protected":false},"author":1,"featured_media":47044,"comment_status":"closed","ping_status":"closed","sticky":false,"template":"","format":"standard","meta":{"footnotes":""},"categories":[30,36,31],"tags":[],"class_list":["post-47043","post","type-post","status-publish","format-standard","has-post-thumbnail","hentry","category-destacado","category-edomex","category-portada"],"_links":{"self":[{"href":"https:\/\/elinformante.mx\/index.php?rest_route=\/wp\/v2\/posts\/47043","targetHints":{"allow":["GET"]}}],"collection":[{"href":"https:\/\/elinformante.mx\/index.php?rest_route=\/wp\/v2\/posts"}],"about":[{"href":"https:\/\/elinformante.mx\/index.php?rest_route=\/wp\/v2\/types\/post"}],"author":[{"embeddable":true,"href":"https:\/\/elinformante.mx\/index.php?rest_route=\/wp\/v2\/users\/1"}],"replies":[{"embeddable":true,"href":"https:\/\/elinformante.mx\/index.php?rest_route=%2Fwp%2Fv2%2Fcomments&post=47043"}],"version-history":[{"count":0,"href":"https:\/\/elinformante.mx\/index.php?rest_route=\/wp\/v2\/posts\/47043\/revisions"}],"wp:featuredmedia":[{"embeddable":true,"href":"https:\/\/elinformante.mx\/index.php?rest_route=\/wp\/v2\/media\/47044"}],"wp:attachment":[{"href":"https:\/\/elinformante.mx\/index.php?rest_route=%2Fwp%2Fv2%2Fmedia&parent=47043"}],"wp:term":[{"taxonomy":"category","embeddable":true,"href":"https:\/\/elinformante.mx\/index.php?rest_route=%2Fwp%2Fv2%2Fcategories&post=47043"},{"taxonomy":"post_tag","embeddable":true,"href":"https:\/\/elinformante.mx\/index.php?rest_route=%2Fwp%2Fv2%2Ftags&post=47043"}],"curies":[{"name":"wp","href":"https:\/\/api.w.org\/{rel}","templated":true}]}}