{"id":47047,"date":"2024-02-13T05:27:25","date_gmt":"2024-02-13T11:27:25","guid":{"rendered":"https:\/\/elinformante.mx\/?p=47047"},"modified":"2024-02-13T05:27:27","modified_gmt":"2024-02-13T11:27:27","slug":"sigue-la-incertidumbre-sobre-los-comerciantes-de-pollo-que-fueron-secuestrados-en-toluca","status":"publish","type":"post","link":"https:\/\/elinformante.mx\/?p=47047","title":{"rendered":"Sigue la incertidumbre sobre los comerciantes de pollo que fueron secuestrados en Toluca"},"content":{"rendered":"\n<blockquote class=\"wp-block-quote is-layout-flow wp-block-quote-is-layout-flow\">\n<p>Familiares y compa\u00f1eros manifiestan su extra\u00f1eza por la tardanza de las investigaciones que, aseguran las autoridades, se realizan.<\/p>\n<\/blockquote>\n\n\n\n<p>Han pasado casi dos meses del secuestro de cuatro comerciantes de un rastro de pollo en Toluca, raz\u00f3n por la cual familiares y la propietaria del negocio, Karina Contreras, exigieron avances en la investigaci\u00f3n.<br><\/p>\n\n\n\n<figure class=\"wp-block-image size-large\"><img fetchpriority=\"high\" decoding=\"async\" width=\"1024\" height=\"503\" src=\"https:\/\/elinformante.mx\/wp-content\/uploads\/2024\/02\/SIGUE-LA-2-1024x503.jpg\" alt=\"\" class=\"wp-image-47049\" srcset=\"https:\/\/elinformante.mx\/wp-content\/uploads\/2024\/02\/SIGUE-LA-2-1024x503.jpg 1024w, https:\/\/elinformante.mx\/wp-content\/uploads\/2024\/02\/SIGUE-LA-2-300x147.jpg 300w, https:\/\/elinformante.mx\/wp-content\/uploads\/2024\/02\/SIGUE-LA-2-768x377.jpg 768w, https:\/\/elinformante.mx\/wp-content\/uploads\/2024\/02\/SIGUE-LA-2-580x285.jpg 580w, https:\/\/elinformante.mx\/wp-content\/uploads\/2024\/02\/SIGUE-LA-2-860x422.jpg 860w, https:\/\/elinformante.mx\/wp-content\/uploads\/2024\/02\/SIGUE-LA-2.jpg 1140w\" sizes=\"(max-width: 1024px) 100vw, 1024px\" \/><\/figure>\n\n\n\n<p>Este lunes se apostaron frente al Palacio de Gobierno en Toluca, donde Contreras inform\u00f3 que, a pesar de que recientemente la Fiscal\u00eda General de Justicia del Estado de M\u00e9xico (FGJEM) realiz\u00f3 la detenci\u00f3n de cuatro sujetos, no hay rastro alguno sobre el paradero de los trabajadores.<br><\/p>\n\n\n\n<figure class=\"wp-block-image size-large\"><img decoding=\"async\" width=\"1024\" height=\"503\" src=\"https:\/\/elinformante.mx\/wp-content\/uploads\/2024\/02\/SIGUE-LA-3-1024x503.jpg\" alt=\"\" class=\"wp-image-47050\" srcset=\"https:\/\/elinformante.mx\/wp-content\/uploads\/2024\/02\/SIGUE-LA-3-1024x503.jpg 1024w, https:\/\/elinformante.mx\/wp-content\/uploads\/2024\/02\/SIGUE-LA-3-300x147.jpg 300w, https:\/\/elinformante.mx\/wp-content\/uploads\/2024\/02\/SIGUE-LA-3-768x377.jpg 768w, https:\/\/elinformante.mx\/wp-content\/uploads\/2024\/02\/SIGUE-LA-3-580x285.jpg 580w, https:\/\/elinformante.mx\/wp-content\/uploads\/2024\/02\/SIGUE-LA-3-860x422.jpg 860w, https:\/\/elinformante.mx\/wp-content\/uploads\/2024\/02\/SIGUE-LA-3.jpg 1140w\" sizes=\"(max-width: 1024px) 100vw, 1024px\" \/><\/figure>\n\n\n\n<p>Ante ello, pidi\u00f3 a las autoridades federales, estatales, municipales, que agilicen los trabajos de b\u00fasqueda y dar pronto con la localizaci\u00f3n de los cuatro trabajadores.<br><\/p>\n\n\n\n<figure class=\"wp-block-image size-large\"><img decoding=\"async\" width=\"1024\" height=\"503\" src=\"https:\/\/elinformante.mx\/wp-content\/uploads\/2024\/02\/SIGUE-LA-4-1024x503.jpg\" alt=\"\" class=\"wp-image-47051\" srcset=\"https:\/\/elinformante.mx\/wp-content\/uploads\/2024\/02\/SIGUE-LA-4-1024x503.jpg 1024w, https:\/\/elinformante.mx\/wp-content\/uploads\/2024\/02\/SIGUE-LA-4-300x147.jpg 300w, https:\/\/elinformante.mx\/wp-content\/uploads\/2024\/02\/SIGUE-LA-4-768x377.jpg 768w, https:\/\/elinformante.mx\/wp-content\/uploads\/2024\/02\/SIGUE-LA-4-580x285.jpg 580w, https:\/\/elinformante.mx\/wp-content\/uploads\/2024\/02\/SIGUE-LA-4-860x422.jpg 860w, https:\/\/elinformante.mx\/wp-content\/uploads\/2024\/02\/SIGUE-LA-4.jpg 1140w\" sizes=\"(max-width: 1024px) 100vw, 1024px\" \/><\/figure>\n\n\n\n<p>\u201cNo pedimos otra cosa, solo que los vayan a buscar, han pasado 53 d\u00edas y seguimos sin saber nada de ellos, sus familias, sus compa\u00f1eros de trabajo y yo estamos desesperados y no sabemos qu\u00e9 m\u00e1s hacer, necesitamos, exigimos y pedimos el apoyo de las autoridades para que vayan a buscar a los 4 trabajadores\u201d, dijo.<br><\/p>\n\n\n\n<figure class=\"wp-block-image size-large\"><img loading=\"lazy\" decoding=\"async\" width=\"1024\" height=\"503\" src=\"https:\/\/elinformante.mx\/wp-content\/uploads\/2024\/02\/SIGUE-LA-6-1024x503.jpg\" alt=\"\" class=\"wp-image-47052\" srcset=\"https:\/\/elinformante.mx\/wp-content\/uploads\/2024\/02\/SIGUE-LA-6-1024x503.jpg 1024w, https:\/\/elinformante.mx\/wp-content\/uploads\/2024\/02\/SIGUE-LA-6-300x147.jpg 300w, https:\/\/elinformante.mx\/wp-content\/uploads\/2024\/02\/SIGUE-LA-6-768x377.jpg 768w, https:\/\/elinformante.mx\/wp-content\/uploads\/2024\/02\/SIGUE-LA-6-580x285.jpg 580w, https:\/\/elinformante.mx\/wp-content\/uploads\/2024\/02\/SIGUE-LA-6-860x422.jpg 860w, https:\/\/elinformante.mx\/wp-content\/uploads\/2024\/02\/SIGUE-LA-6.jpg 1140w\" sizes=\"(max-width: 1024px) 100vw, 1024px\" \/><\/figure>\n\n\n\n<p>Asimismo, asegur\u00f3 que a pesar del temor los dem\u00e1s trabajadores del rastro de pollo siguen en labores, ya que son padres de familia y tienen que generar ingresos.<br><\/p>\n\n\n\n<figure class=\"wp-block-image size-large\"><img loading=\"lazy\" decoding=\"async\" width=\"1024\" height=\"503\" src=\"https:\/\/elinformante.mx\/wp-content\/uploads\/2024\/02\/SIGUE-LA-1024x503.jpg\" alt=\"\" class=\"wp-image-47053\" srcset=\"https:\/\/elinformante.mx\/wp-content\/uploads\/2024\/02\/SIGUE-LA-1024x503.jpg 1024w, https:\/\/elinformante.mx\/wp-content\/uploads\/2024\/02\/SIGUE-LA-300x147.jpg 300w, https:\/\/elinformante.mx\/wp-content\/uploads\/2024\/02\/SIGUE-LA-768x377.jpg 768w, https:\/\/elinformante.mx\/wp-content\/uploads\/2024\/02\/SIGUE-LA-580x285.jpg 580w, https:\/\/elinformante.mx\/wp-content\/uploads\/2024\/02\/SIGUE-LA-860x422.jpg 860w, https:\/\/elinformante.mx\/wp-content\/uploads\/2024\/02\/SIGUE-LA.jpg 1140w\" sizes=\"(max-width: 1024px) 100vw, 1024px\" \/><\/figure>\n\n\n\n<p>\u201cSeguimos trabajando, pero con el temor de que volvamos a sufrir alg\u00fan atentado ya sea del negocio o de los trabajadores, que todos los d\u00edas van a trabajar con miedo\u201d, dijo.<\/p>\n","protected":false},"excerpt":{"rendered":"<p>Familiares y compa\u00f1eros manifiestan su extra\u00f1eza por la tardanza de las investigaciones que, aseguran las autoridades, se realizan. Han pasado casi dos meses del secuestro de cuatro comerciantes de un rastro de pollo en Toluca, raz\u00f3n por la cual familiares y la propietaria del negocio, Karina Contreras, exigieron avances en la investigaci\u00f3n. Este lunes se [&hellip;]<\/p>\n","protected":false},"author":1,"featured_media":47048,"comment_status":"closed","ping_status":"closed","sticky":false,"template":"","format":"standard","meta":{"footnotes":""},"categories":[30,36,31],"tags":[],"class_list":["post-47047","post","type-post","status-publish","format-standard","has-post-thumbnail","hentry","category-destacado","category-edomex","category-portada"],"_links":{"self":[{"href":"https:\/\/elinformante.mx\/index.php?rest_route=\/wp\/v2\/posts\/47047","targetHints":{"allow":["GET"]}}],"collection":[{"href":"https:\/\/elinformante.mx\/index.php?rest_route=\/wp\/v2\/posts"}],"about":[{"href":"https:\/\/elinformante.mx\/index.php?rest_route=\/wp\/v2\/types\/post"}],"author":[{"embeddable":true,"href":"https:\/\/elinformante.mx\/index.php?rest_route=\/wp\/v2\/users\/1"}],"replies":[{"embeddable":true,"href":"https:\/\/elinformante.mx\/index.php?rest_route=%2Fwp%2Fv2%2Fcomments&post=47047"}],"version-history":[{"count":0,"href":"https:\/\/elinformante.mx\/index.php?rest_route=\/wp\/v2\/posts\/47047\/revisions"}],"wp:featuredmedia":[{"embeddable":true,"href":"https:\/\/elinformante.mx\/index.php?rest_route=\/wp\/v2\/media\/47048"}],"wp:attachment":[{"href":"https:\/\/elinformante.mx\/index.php?rest_route=%2Fwp%2Fv2%2Fmedia&parent=47047"}],"wp:term":[{"taxonomy":"category","embeddable":true,"href":"https:\/\/elinformante.mx\/index.php?rest_route=%2Fwp%2Fv2%2Fcategories&post=47047"},{"taxonomy":"post_tag","embeddable":true,"href":"https:\/\/elinformante.mx\/index.php?rest_route=%2Fwp%2Fv2%2Ftags&post=47047"}],"curies":[{"name":"wp","href":"https:\/\/api.w.org\/{rel}","templated":true}]}}