{"id":47058,"date":"2024-02-13T05:33:41","date_gmt":"2024-02-13T11:33:41","guid":{"rendered":"https:\/\/elinformante.mx\/?p=47058"},"modified":"2024-02-13T05:33:42","modified_gmt":"2024-02-13T11:33:42","slug":"se-queja-carlos-slim-que-telmex-ya-no-es-negocio","status":"publish","type":"post","link":"https:\/\/elinformante.mx\/?p=47058","title":{"rendered":"SE QUEJA CARLOS SLIM QUE TELMEX \u201cYA NO ES NEGOCIO\u201d"},"content":{"rendered":"\n<blockquote class=\"wp-block-quote is-layout-flow wp-block-quote-is-layout-flow\">\n<p>El empresario explic\u00f3 en conferencia de prensa que esta compa\u00f1\u00eda de telecomunicaciones hered\u00f3 planes que limitan, sobre todo, sus utilidades en el largo plazo.<\/p>\n<\/blockquote>\n\n\n\n<p>El empresario Carlos Slim Hel\u00fa asegur\u00f3 que Telmex ya no es negocio, al tiempo de destacar que se encuentra en n\u00fameros rojos desde hace 10 a\u00f1os debido a la gran carga que presenta el paseo laboral que contiene; a pesar de ello, no est\u00e1 en sus planes vender, porque lo acord\u00f3 as\u00ed con sus hijos:<br><\/p>\n\n\n\n<p>\u201cEl pasivo laboral anda en 270 mil millones de pesos, no tan grande como la Comisi\u00f3n Federal de Electricidad (CFE), pero va a gastar. Nos la dejaron sin fondo de pensiones. Entonces, creamos un fondo de pensiones que vale como 160 mil, al que le quitamos como 20 mil cada a\u00f1o. De lo que produce cada a\u00f1o se lo quitamos para hacer viable la pobreza de Telmex, para que no se endeude ilimitadamente, no s\u00e9 si me explico\u201d.<br><\/p>\n\n\n\n<figure class=\"wp-block-image size-large\"><img fetchpriority=\"high\" decoding=\"async\" width=\"1024\" height=\"503\" src=\"https:\/\/elinformante.mx\/wp-content\/uploads\/2024\/02\/se-queja-2-1024x503.jpg\" alt=\"\" class=\"wp-image-47060\" srcset=\"https:\/\/elinformante.mx\/wp-content\/uploads\/2024\/02\/se-queja-2-1024x503.jpg 1024w, https:\/\/elinformante.mx\/wp-content\/uploads\/2024\/02\/se-queja-2-300x147.jpg 300w, https:\/\/elinformante.mx\/wp-content\/uploads\/2024\/02\/se-queja-2-768x377.jpg 768w, https:\/\/elinformante.mx\/wp-content\/uploads\/2024\/02\/se-queja-2-580x285.jpg 580w, https:\/\/elinformante.mx\/wp-content\/uploads\/2024\/02\/se-queja-2-860x422.jpg 860w, https:\/\/elinformante.mx\/wp-content\/uploads\/2024\/02\/se-queja-2.jpg 1140w\" sizes=\"(max-width: 1024px) 100vw, 1024px\" \/><\/figure>\n\n\n\n<p>Adem\u00e1s, Carlos Slim Hel\u00fa destac\u00f3 que son la \u00fanica empresa del mundo que no tiene servicio de televisi\u00f3n de paga.<br><\/p>\n\n\n\n<p>Coment\u00f3 que cuando dice que Telmex es preponderante es en la telefon\u00eda fija: cuentan con 30 o 35 por ciento de participaci\u00f3n de mercado.<br><\/p>\n\n\n\n<figure class=\"wp-block-image size-large\"><img decoding=\"async\" width=\"1024\" height=\"503\" src=\"https:\/\/elinformante.mx\/wp-content\/uploads\/2024\/02\/se-queja-3-1024x503.jpg\" alt=\"\" class=\"wp-image-47061\" srcset=\"https:\/\/elinformante.mx\/wp-content\/uploads\/2024\/02\/se-queja-3-1024x503.jpg 1024w, https:\/\/elinformante.mx\/wp-content\/uploads\/2024\/02\/se-queja-3-300x147.jpg 300w, https:\/\/elinformante.mx\/wp-content\/uploads\/2024\/02\/se-queja-3-768x377.jpg 768w, https:\/\/elinformante.mx\/wp-content\/uploads\/2024\/02\/se-queja-3-580x285.jpg 580w, https:\/\/elinformante.mx\/wp-content\/uploads\/2024\/02\/se-queja-3-860x422.jpg 860w, https:\/\/elinformante.mx\/wp-content\/uploads\/2024\/02\/se-queja-3.jpg 1140w\" sizes=\"(max-width: 1024px) 100vw, 1024px\" \/><\/figure>\n\n\n\n<p>Por otro lado, critic\u00f3 la excesiva presencia de las fuerzas armadas en la vida p\u00fablica, sobre todo en \u00e1reas distintas a la seguridad, \u201ces demasiado\u201d, dijo.<br><\/p>\n\n\n\n<p>El hombre m\u00e1s acaudalado de M\u00e9xico catalog\u00f3 como \u201cun exceso\u201d que los militares se encuentren en tantos aspectos de la vida p\u00fablica, sobre todo durante el gobierno de la llamada Cuarta Transformaci\u00f3n. No obstante, reconoci\u00f3 que existen profesionales preparados en los cuadros de la milicia.<br><\/p>\n\n\n\n<figure class=\"wp-block-image size-large\"><img decoding=\"async\" width=\"1024\" height=\"503\" src=\"https:\/\/elinformante.mx\/wp-content\/uploads\/2024\/02\/se-queja-4-1024x503.jpg\" alt=\"\" class=\"wp-image-47062\" srcset=\"https:\/\/elinformante.mx\/wp-content\/uploads\/2024\/02\/se-queja-4-1024x503.jpg 1024w, https:\/\/elinformante.mx\/wp-content\/uploads\/2024\/02\/se-queja-4-300x147.jpg 300w, https:\/\/elinformante.mx\/wp-content\/uploads\/2024\/02\/se-queja-4-768x377.jpg 768w, https:\/\/elinformante.mx\/wp-content\/uploads\/2024\/02\/se-queja-4-580x285.jpg 580w, https:\/\/elinformante.mx\/wp-content\/uploads\/2024\/02\/se-queja-4-860x422.jpg 860w, https:\/\/elinformante.mx\/wp-content\/uploads\/2024\/02\/se-queja-4.jpg 1140w\" sizes=\"(max-width: 1024px) 100vw, 1024px\" \/><\/figure>\n\n\n\n<p>Para Carlos Slim, la presencia de fuerzas armadas en el sector de la construcci\u00f3n s\u00ed tuvo un aspecto positivo, pues reconoci\u00f3 la labor de los ingenieros militares, m\u00e9dicos y hasta la inclusi\u00f3n del personal castrense en estas labores, \u201ceso yo no lo veo mal\u201d, aclar\u00f3 en el encuentro donde estuvo acompa\u00f1ado por su yerno Arturo El\u00edas Ayub.<br><\/p>\n\n\n\n<p>En el mismo encuentro, el empresario recalc\u00f3 que sus empresas s\u00f3lo participaron en un 80 por ciento de la etapa 2 en la construcci\u00f3n del Tren Maya, agreg\u00f3 que se ha dedicado a la construcci\u00f3n de obra p\u00fablica y neg\u00f3 que sea el empresario \u2018favorito\u2019 durante el actual sexenio.<br><\/p>\n\n\n\n<figure class=\"wp-block-image size-large\"><img loading=\"lazy\" decoding=\"async\" width=\"1024\" height=\"503\" src=\"https:\/\/elinformante.mx\/wp-content\/uploads\/2024\/02\/se-queja-5-1024x503.jpg\" alt=\"\" class=\"wp-image-47063\" srcset=\"https:\/\/elinformante.mx\/wp-content\/uploads\/2024\/02\/se-queja-5-1024x503.jpg 1024w, https:\/\/elinformante.mx\/wp-content\/uploads\/2024\/02\/se-queja-5-300x147.jpg 300w, https:\/\/elinformante.mx\/wp-content\/uploads\/2024\/02\/se-queja-5-768x377.jpg 768w, https:\/\/elinformante.mx\/wp-content\/uploads\/2024\/02\/se-queja-5-580x285.jpg 580w, https:\/\/elinformante.mx\/wp-content\/uploads\/2024\/02\/se-queja-5-860x422.jpg 860w, https:\/\/elinformante.mx\/wp-content\/uploads\/2024\/02\/se-queja-5.jpg 1140w\" sizes=\"(max-width: 1024px) 100vw, 1024px\" \/><\/figure>\n\n\n\n<p>El tambi\u00e9n ingeniero se\u00f1al\u00f3 que tiene algunas diferencias con el presidente L\u00f3pez Obrador, sin embargo, no tocar\u00e1 el tema hasta que concluya la actual administraci\u00f3n, lo cual ocurrir\u00e1 el pr\u00f3ximo 30 de septiembre, Como \u00e9l dice, diferimos en varias cosas, de las que vamos a hablar cuando acabe\u201d, remarc\u00f3.<br><\/p>\n\n\n\n<p>Otro de los aspectos que toc\u00f3 Carlos Slim fue que Telmex ya no es un negocio, pero descart\u00f3 que \u00e9l y sus hijos vendan la compa\u00f1\u00eda; agreg\u00f3 que los pasivos laborales rondan los 270 mil millones de pesos. De igual modo se manifest\u00f3 en contra de pagar m\u00e1s impuestos.<\/p>\n\n\n\n<figure class=\"wp-block-image size-large\"><img loading=\"lazy\" decoding=\"async\" width=\"1024\" height=\"503\" src=\"https:\/\/elinformante.mx\/wp-content\/uploads\/2024\/02\/se-queja-1024x503.jpg\" alt=\"\" class=\"wp-image-47064\" srcset=\"https:\/\/elinformante.mx\/wp-content\/uploads\/2024\/02\/se-queja-1024x503.jpg 1024w, https:\/\/elinformante.mx\/wp-content\/uploads\/2024\/02\/se-queja-300x147.jpg 300w, https:\/\/elinformante.mx\/wp-content\/uploads\/2024\/02\/se-queja-768x377.jpg 768w, https:\/\/elinformante.mx\/wp-content\/uploads\/2024\/02\/se-queja-580x285.jpg 580w, https:\/\/elinformante.mx\/wp-content\/uploads\/2024\/02\/se-queja-860x422.jpg 860w, https:\/\/elinformante.mx\/wp-content\/uploads\/2024\/02\/se-queja.jpg 1140w\" sizes=\"(max-width: 1024px) 100vw, 1024px\" \/><\/figure>\n","protected":false},"excerpt":{"rendered":"<p>El empresario explic\u00f3 en conferencia de prensa que esta compa\u00f1\u00eda de telecomunicaciones hered\u00f3 planes que limitan, sobre todo, sus utilidades en el largo plazo. El empresario Carlos Slim Hel\u00fa asegur\u00f3 que Telmex ya no es negocio, al tiempo de destacar que se encuentra en n\u00fameros rojos desde hace 10 a\u00f1os debido a la gran carga [&hellip;]<\/p>\n","protected":false},"author":1,"featured_media":47059,"comment_status":"closed","ping_status":"closed","sticky":false,"template":"","format":"standard","meta":{"footnotes":""},"categories":[30,34,31],"tags":[],"class_list":["post-47058","post","type-post","status-publish","format-standard","has-post-thumbnail","hentry","category-destacado","category-nacional","category-portada"],"_links":{"self":[{"href":"https:\/\/elinformante.mx\/index.php?rest_route=\/wp\/v2\/posts\/47058","targetHints":{"allow":["GET"]}}],"collection":[{"href":"https:\/\/elinformante.mx\/index.php?rest_route=\/wp\/v2\/posts"}],"about":[{"href":"https:\/\/elinformante.mx\/index.php?rest_route=\/wp\/v2\/types\/post"}],"author":[{"embeddable":true,"href":"https:\/\/elinformante.mx\/index.php?rest_route=\/wp\/v2\/users\/1"}],"replies":[{"embeddable":true,"href":"https:\/\/elinformante.mx\/index.php?rest_route=%2Fwp%2Fv2%2Fcomments&post=47058"}],"version-history":[{"count":0,"href":"https:\/\/elinformante.mx\/index.php?rest_route=\/wp\/v2\/posts\/47058\/revisions"}],"wp:featuredmedia":[{"embeddable":true,"href":"https:\/\/elinformante.mx\/index.php?rest_route=\/wp\/v2\/media\/47059"}],"wp:attachment":[{"href":"https:\/\/elinformante.mx\/index.php?rest_route=%2Fwp%2Fv2%2Fmedia&parent=47058"}],"wp:term":[{"taxonomy":"category","embeddable":true,"href":"https:\/\/elinformante.mx\/index.php?rest_route=%2Fwp%2Fv2%2Fcategories&post=47058"},{"taxonomy":"post_tag","embeddable":true,"href":"https:\/\/elinformante.mx\/index.php?rest_route=%2Fwp%2Fv2%2Ftags&post=47058"}],"curies":[{"name":"wp","href":"https:\/\/api.w.org\/{rel}","templated":true}]}}