{"id":47068,"date":"2024-02-13T05:51:53","date_gmt":"2024-02-13T11:51:53","guid":{"rendered":"https:\/\/elinformante.mx\/?p=47068"},"modified":"2024-02-13T05:51:54","modified_gmt":"2024-02-13T11:51:54","slug":"joaquin-sabina-llego-este-12-de-febrero-a-los-75-anos","status":"publish","type":"post","link":"https:\/\/elinformante.mx\/?p=47068","title":{"rendered":"Joaqu\u00edn Sabina lleg\u00f3 este 12 de febrero a los 75 a\u00f1os"},"content":{"rendered":"\n<blockquote class=\"wp-block-quote is-layout-flow wp-block-quote-is-layout-flow\">\n<p>Adem\u00e1s de ser int\u00e9rprete, es cantautor y poeta, pues adem\u00e1s de escribir sus propios temas, tambi\u00e9n redacta poemas, de hecho tiene algunos libros.<\/p>\n<\/blockquote>\n\n\n\n<p>Joaqu\u00edn Sabina se encuentra de manteles largos debido a que est\u00e1 celebrando 75 a\u00f1os. El cantante ha sido distinguido con diferentes premios a lo largo de su carrera, por lo que tambi\u00e9n cuenta con un gran n\u00famero de fans, quienes este d\u00eda lo recuentan con sus mejores temas, sobre todo los m\u00e1s po\u00e9ticos y que son perfectos para dedicar.<br><\/p>\n\n\n\n<p>Joaqu\u00edn Ram\u00f3n Mart\u00ednez Sabina, nombre completo, naci\u00f3 el 12 de febrero de 1949 en la ciudad de \u00dabeda en Espa\u00f1a.<br><\/p>\n\n\n\n<figure class=\"wp-block-image size-large\"><img fetchpriority=\"high\" decoding=\"async\" width=\"1024\" height=\"503\" src=\"https:\/\/elinformante.mx\/wp-content\/uploads\/2024\/02\/JOAQUIN-SABINA-1024x503.jpg\" alt=\"\" class=\"wp-image-47070\" srcset=\"https:\/\/elinformante.mx\/wp-content\/uploads\/2024\/02\/JOAQUIN-SABINA-1024x503.jpg 1024w, https:\/\/elinformante.mx\/wp-content\/uploads\/2024\/02\/JOAQUIN-SABINA-300x147.jpg 300w, https:\/\/elinformante.mx\/wp-content\/uploads\/2024\/02\/JOAQUIN-SABINA-768x377.jpg 768w, https:\/\/elinformante.mx\/wp-content\/uploads\/2024\/02\/JOAQUIN-SABINA-580x285.jpg 580w, https:\/\/elinformante.mx\/wp-content\/uploads\/2024\/02\/JOAQUIN-SABINA-860x422.jpg 860w, https:\/\/elinformante.mx\/wp-content\/uploads\/2024\/02\/JOAQUIN-SABINA.jpg 1140w\" sizes=\"(max-width: 1024px) 100vw, 1024px\" \/><\/figure>\n\n\n\n<p>Adem\u00e1s de ser int\u00e9rprete, es cantautor y poeta, pues adem\u00e1s de escribir sus propios temas, tambi\u00e9n redacta poemas, de hecho tiene algunos libros.<br><\/p>\n\n\n\n<p>No obstante, el artista no separa sus dos grandes pasiones, por lo que puedes encontrar poes\u00eda muy hermosa dentro de sus canciones.<br><\/p>\n\n\n\n<p>Algunos de estos temas son perfectos para dedicar en fechas importantes, como el D\u00eda de San Valent\u00edn, un aniversario o bien el cumplea\u00f1os de aquella persona que aprecias.<\/p>\n","protected":false},"excerpt":{"rendered":"<p>Adem\u00e1s de ser int\u00e9rprete, es cantautor y poeta, pues adem\u00e1s de escribir sus propios temas, tambi\u00e9n redacta poemas, de hecho tiene algunos libros. Joaqu\u00edn Sabina se encuentra de manteles largos debido a que est\u00e1 celebrando 75 a\u00f1os. El cantante ha sido distinguido con diferentes premios a lo largo de su carrera, por lo que tambi\u00e9n [&hellip;]<\/p>\n","protected":false},"author":1,"featured_media":47069,"comment_status":"closed","ping_status":"closed","sticky":false,"template":"","format":"standard","meta":{"footnotes":""},"categories":[39],"tags":[],"class_list":["post-47068","post","type-post","status-publish","format-standard","has-post-thumbnail","hentry","category-espectaculos"],"_links":{"self":[{"href":"https:\/\/elinformante.mx\/index.php?rest_route=\/wp\/v2\/posts\/47068","targetHints":{"allow":["GET"]}}],"collection":[{"href":"https:\/\/elinformante.mx\/index.php?rest_route=\/wp\/v2\/posts"}],"about":[{"href":"https:\/\/elinformante.mx\/index.php?rest_route=\/wp\/v2\/types\/post"}],"author":[{"embeddable":true,"href":"https:\/\/elinformante.mx\/index.php?rest_route=\/wp\/v2\/users\/1"}],"replies":[{"embeddable":true,"href":"https:\/\/elinformante.mx\/index.php?rest_route=%2Fwp%2Fv2%2Fcomments&post=47068"}],"version-history":[{"count":0,"href":"https:\/\/elinformante.mx\/index.php?rest_route=\/wp\/v2\/posts\/47068\/revisions"}],"wp:featuredmedia":[{"embeddable":true,"href":"https:\/\/elinformante.mx\/index.php?rest_route=\/wp\/v2\/media\/47069"}],"wp:attachment":[{"href":"https:\/\/elinformante.mx\/index.php?rest_route=%2Fwp%2Fv2%2Fmedia&parent=47068"}],"wp:term":[{"taxonomy":"category","embeddable":true,"href":"https:\/\/elinformante.mx\/index.php?rest_route=%2Fwp%2Fv2%2Fcategories&post=47068"},{"taxonomy":"post_tag","embeddable":true,"href":"https:\/\/elinformante.mx\/index.php?rest_route=%2Fwp%2Fv2%2Ftags&post=47068"}],"curies":[{"name":"wp","href":"https:\/\/api.w.org\/{rel}","templated":true}]}}