{"id":47076,"date":"2024-02-13T06:07:46","date_gmt":"2024-02-13T12:07:46","guid":{"rendered":"https:\/\/elinformante.mx\/?p=47076"},"modified":"2024-02-13T06:07:47","modified_gmt":"2024-02-13T12:07:47","slug":"recuperan-vehiculo-robado-en-el-municipio-de-metepec","status":"publish","type":"post","link":"https:\/\/elinformante.mx\/?p=47076","title":{"rendered":"Recuperan veh\u00edculo robado en el municipio de Metepec"},"content":{"rendered":"\n<blockquote class=\"wp-block-quote is-layout-flow wp-block-quote-is-layout-flow\">\n<p>Acciones operativas y uso de herramientas tecnol\u00f3gicas permitieron localizar en Tejupilco la unidad, que fue videograbada en el momento de su robo.<\/p>\n<\/blockquote>\n\n\n\n<p>Agentes de la Fiscal\u00eda General de Justicia del Estado de M\u00e9xico (FGJEM), en conjunto con elementos de la Secretar\u00eda de Seguridad estatal (SSEM), as\u00ed como autoridades municipales, recuperaron en Tejupilco un veh\u00edculo de alta gama que hab\u00eda sido robado con violencia el 10 de febrero pasado en el municipio de Metepec.<br><\/p>\n\n\n\n<p>El robo referido fue captado por una c\u00e1mara de videovigilancia, en las im\u00e1genes se observa como tres individuos descienden de un veh\u00edculo, amagan con armas de fuego a los tripulantes de una unidad automotora marca BMW X4, y los despojan de este autom\u00f3vil, para luego huir. Los hechos fueron dados a conocer a trav\u00e9s de redes sociales.<br><\/p>\n\n\n\n<p>El veh\u00edculo robado contaba con rastreador satelital y marcaba como \u00faltimo punto el municipio de Tejupilco, por ello de manera conjunta con autoridades de los tres \u00f3rdenes de gobierno, fueron llevadas a cabo movilizaciones en las comunidades Tener\u00eda y Almoloya de las Granadas.<br><\/p>\n\n\n\n<p>Posteriormente, la ma\u00f1ana de este 12 de febrero, elementos de la Polic\u00eda de Investigaci\u00f3n (PDI), SSEM y autoridades municipales lo ubicaron y recuperaron cuando se encontraba abandonado en la avenida 27 de septiembre, en la colonia Centro del municipio de Tejupilco, por lo que fue solicitado servicio de gr\u00faa para el traslado de esa unidad automotora ante el Agente del Ministerio P\u00fablico.<br><\/p>\n\n\n\n<p>Esta Fiscal\u00eda General de Justicia estatal contin\u00faa con las indagatorias a fin de poder identificar y detener a quienes hayan participado en este hecho delictivo.<\/p>\n","protected":false},"excerpt":{"rendered":"<p>Acciones operativas y uso de herramientas tecnol\u00f3gicas permitieron localizar en Tejupilco la unidad, que fue videograbada en el momento de su robo. Agentes de la Fiscal\u00eda General de Justicia del Estado de M\u00e9xico (FGJEM), en conjunto con elementos de la Secretar\u00eda de Seguridad estatal (SSEM), as\u00ed como autoridades municipales, recuperaron en Tejupilco un veh\u00edculo de [&hellip;]<\/p>\n","protected":false},"author":1,"featured_media":47077,"comment_status":"closed","ping_status":"closed","sticky":false,"template":"","format":"standard","meta":{"footnotes":""},"categories":[36,37],"tags":[],"class_list":["post-47076","post","type-post","status-publish","format-standard","has-post-thumbnail","hentry","category-edomex","category-justicia"],"_links":{"self":[{"href":"https:\/\/elinformante.mx\/index.php?rest_route=\/wp\/v2\/posts\/47076","targetHints":{"allow":["GET"]}}],"collection":[{"href":"https:\/\/elinformante.mx\/index.php?rest_route=\/wp\/v2\/posts"}],"about":[{"href":"https:\/\/elinformante.mx\/index.php?rest_route=\/wp\/v2\/types\/post"}],"author":[{"embeddable":true,"href":"https:\/\/elinformante.mx\/index.php?rest_route=\/wp\/v2\/users\/1"}],"replies":[{"embeddable":true,"href":"https:\/\/elinformante.mx\/index.php?rest_route=%2Fwp%2Fv2%2Fcomments&post=47076"}],"version-history":[{"count":0,"href":"https:\/\/elinformante.mx\/index.php?rest_route=\/wp\/v2\/posts\/47076\/revisions"}],"wp:featuredmedia":[{"embeddable":true,"href":"https:\/\/elinformante.mx\/index.php?rest_route=\/wp\/v2\/media\/47077"}],"wp:attachment":[{"href":"https:\/\/elinformante.mx\/index.php?rest_route=%2Fwp%2Fv2%2Fmedia&parent=47076"}],"wp:term":[{"taxonomy":"category","embeddable":true,"href":"https:\/\/elinformante.mx\/index.php?rest_route=%2Fwp%2Fv2%2Fcategories&post=47076"},{"taxonomy":"post_tag","embeddable":true,"href":"https:\/\/elinformante.mx\/index.php?rest_route=%2Fwp%2Fv2%2Ftags&post=47076"}],"curies":[{"name":"wp","href":"https:\/\/api.w.org\/{rel}","templated":true}]}}