{"id":47105,"date":"2024-02-13T06:47:25","date_gmt":"2024-02-13T12:47:25","guid":{"rendered":"https:\/\/elinformante.mx\/?p=47105"},"modified":"2024-02-13T06:47:26","modified_gmt":"2024-02-13T12:47:26","slug":"va-morena-por-reforma-para-avalar-leyes-con-apoyo-de-cuatro-ministros","status":"publish","type":"post","link":"https:\/\/elinformante.mx\/?p=47105","title":{"rendered":"Va Morena por reforma para avalar leyes con apoyo de cuatro ministros"},"content":{"rendered":"\n<blockquote class=\"wp-block-quote is-layout-flow wp-block-quote-is-layout-flow\">\n<p>El diputado argumenta que si una ley no es declarada inconstitucional la consecuencia l\u00f3gica es que sea v\u00e1lida e inatacable.<\/p>\n<\/blockquote>\n\n\n\n<p>La Comisi\u00f3n de Justicia de la C\u00e1mara de Diputados convoc\u00f3 a sesionar el jueves para dictaminar un cambio a la ley que busca declarar como v\u00e1lidas e inatacables las reformas impugnadas que reciban el apoyo de cuatro ministros.<br><\/p>\n\n\n\n<p>La propuesta busca cambiar las reglas del juego: actualmente se necesitan ocho votos en la Corte para declarar la inconstitucionalidad de una reforma; si no se alcanza tal votaci\u00f3n la ley sigue vigente y a\u00fan puede ser impugnada en juicio de amparo.<br><\/p>\n\n\n\n<p>Ahora, con la propuesta del diputado morenista Juan Ramiro Robledo cada vez que no se alcance una mayor\u00eda de ocho votos una reforma ser\u00eda declarada legal; es decir, con cuatro de 11 ministros una reforma ser\u00eda inatacable.<br><\/p>\n\n\n\n<p>As\u00ed lo dice textualmente la propuesta del morenista Juan Ramiro Robledo:<br><\/p>\n\n\n\n<p>\u201cIndicar que las resoluciones de la SCJN s\u00f3lo podr\u00e1n declarar la invalidez de las normas impugnadas, si fueren aprobadas por cuando menos ocho votos y que si no se aprobaran por la mayor\u00eda indicada, el Tribunal Pleno desestimar\u00e1 la acci\u00f3n ejercitada, declarando la validez de las normas impugnadas, contra las que no proceder\u00e1 juicio o recurso alguno y ordenar\u00e1 el archivo del asunto\u201d.<br><\/p>\n\n\n\n<p>El diputado argumenta que si una ley no es declarada inconstitucional la consecuencia l\u00f3gica es que sea v\u00e1lida e inatacable. As\u00ed lo dice su reforma:<br><\/p>\n\n\n\n<p>Si una norma es recurrida v\u00eda controversia constitucional o acci\u00f3n de inconstitucionalidad y no es anulada, pese a la obligaci\u00f3n de las y los ministros de suplir la deficiencia de los conceptos de agravio y de invalidez formulados por la parte promovente, la consecuencia l\u00f3gica y natural es la validez de esas mismas normas.<br><\/p>\n\n\n\n<p>\u2026 el hecho de que quede abierta la posibilidad de combatir en amparo normas ya tildadas infructuosamente como inconstitucionales o inconvencionales, es un contrasentido y vulnera los principios de supremac\u00eda constitucional, de racionalidad jurisdiccional y el orden institucional.<br><\/p>\n\n\n\n<p>La propuesta se ve como una reacci\u00f3n de Morena a la cancelaci\u00f3n de la reforma el\u00e9ctrica de 2021.<br><\/p>\n\n\n\n<p>La mayor\u00eda de Morena en el Congreso aprob\u00f3 una propuesta del Presidente AMLO; el asunto lleg\u00f3 a la Corte donde siete ministros se pronunciaron por declararla inconstitucional, pero al no alcanzar los ocho votos la ley sigui\u00f3 vigente.<br><\/p>\n\n\n\n<p>Empresas acudieron al juicio de amparo y la Segunda Sala de la Corte finalmente decidi\u00f3 amparar a las empresas, cancelando de manera definitiva un apartado de esa legislaci\u00f3n.<br><\/p>\n\n\n\n<p>Esta cancelaci\u00f3n molest\u00f3 al presidente Andr\u00e9s Manuel L\u00f3pez Obrador, que aprovech\u00f3 la decisi\u00f3n para reforzar su inter\u00e9s de reformar al Poder Judicial.<\/p>\n","protected":false},"excerpt":{"rendered":"<p>El diputado argumenta que si una ley no es declarada inconstitucional la consecuencia l\u00f3gica es que sea v\u00e1lida e inatacable. La Comisi\u00f3n de Justicia de la C\u00e1mara de Diputados convoc\u00f3 a sesionar el jueves para dictaminar un cambio a la ley que busca declarar como v\u00e1lidas e inatacables las reformas impugnadas que reciban el apoyo [&hellip;]<\/p>\n","protected":false},"author":1,"featured_media":47106,"comment_status":"closed","ping_status":"closed","sticky":false,"template":"","format":"standard","meta":{"footnotes":""},"categories":[34],"tags":[],"class_list":["post-47105","post","type-post","status-publish","format-standard","has-post-thumbnail","hentry","category-nacional"],"_links":{"self":[{"href":"https:\/\/elinformante.mx\/index.php?rest_route=\/wp\/v2\/posts\/47105","targetHints":{"allow":["GET"]}}],"collection":[{"href":"https:\/\/elinformante.mx\/index.php?rest_route=\/wp\/v2\/posts"}],"about":[{"href":"https:\/\/elinformante.mx\/index.php?rest_route=\/wp\/v2\/types\/post"}],"author":[{"embeddable":true,"href":"https:\/\/elinformante.mx\/index.php?rest_route=\/wp\/v2\/users\/1"}],"replies":[{"embeddable":true,"href":"https:\/\/elinformante.mx\/index.php?rest_route=%2Fwp%2Fv2%2Fcomments&post=47105"}],"version-history":[{"count":0,"href":"https:\/\/elinformante.mx\/index.php?rest_route=\/wp\/v2\/posts\/47105\/revisions"}],"wp:featuredmedia":[{"embeddable":true,"href":"https:\/\/elinformante.mx\/index.php?rest_route=\/wp\/v2\/media\/47106"}],"wp:attachment":[{"href":"https:\/\/elinformante.mx\/index.php?rest_route=%2Fwp%2Fv2%2Fmedia&parent=47105"}],"wp:term":[{"taxonomy":"category","embeddable":true,"href":"https:\/\/elinformante.mx\/index.php?rest_route=%2Fwp%2Fv2%2Fcategories&post=47105"},{"taxonomy":"post_tag","embeddable":true,"href":"https:\/\/elinformante.mx\/index.php?rest_route=%2Fwp%2Fv2%2Ftags&post=47105"}],"curies":[{"name":"wp","href":"https:\/\/api.w.org\/{rel}","templated":true}]}}