{"id":47112,"date":"2024-02-13T06:54:00","date_gmt":"2024-02-13T12:54:00","guid":{"rendered":"https:\/\/elinformante.mx\/?p=47112"},"modified":"2024-02-13T06:54:01","modified_gmt":"2024-02-13T12:54:01","slug":"y-se-siguen-sumando-puntos","status":"publish","type":"post","link":"https:\/\/elinformante.mx\/?p=47112","title":{"rendered":"Y SE SIGUEN SUMANDO PUNTOS"},"content":{"rendered":"\n<blockquote class=\"wp-block-quote is-layout-flow wp-block-quote-is-layout-flow\">\n<p><strong>Por Luis Pinal Da Silva<\/strong><\/p>\n<\/blockquote>\n\n\n\n<p>El 31 de enero signific\u00f3 el inicio \u2013 verdadero esta vez \u2013 del Waterloo del presidente de M\u00e9xico, Andr\u00e9s Manuel L\u00f3pez Obrador. La publicaci\u00f3n de ProPublica le revent\u00f3 en mil pedazos, ya que se trata de una investigaci\u00f3n hecha por la Administraci\u00f3n de Control de Drogas (DEA) de Estados Unidos en su contra por, presuntamente, haber utilizado recursos del narcotr\u00e1fico para financiar su campa\u00f1a presidencial en 2006.<br><\/p>\n\n\n\n<p>Si bien con la chabacaner\u00eda que lo significa, L\u00f3pez Obrador ha tratado de minimizar el reportaje y ha descalificado a su autor, el periodista Tim Golden quien ha recibido dos veces el premio Pulitzer, la verdad es que se trat\u00f3 de un golpe demoledor y ello le est\u00e1 pasando factura, tanto en lo pol\u00edtico como en su salud.<br><\/p>\n\n\n\n<p>Pol\u00edticamente, el art\u00edculo abri\u00f3 la duda no s\u00f3lo el financiamiento a su campa\u00f1a de 2006, tambi\u00e9n la forma en que ha vivido y el financiamiento a las subsecuentes campa\u00f1as, incluso en la que gan\u00f3 la presidencia de M\u00e9xico.<br><\/p>\n\n\n\n<p>De ah\u00ed que muchos cuestionen su empecinamiento de mantener, a como d\u00e9 lugar, una pol\u00edtica de abrazos y no balazos en contra de la delincuencia, a pesar de la violencia, las extorsiones, el robo a transporte de carga, y el ba\u00f1o de sangre registrado en diversas regiones del pa\u00eds.<br><\/p>\n\n\n\n<p>Evidentemente el tema ha sido aprovechado por la oposici\u00f3n para denunciar el posible v\u00ednculo del actual gobierno con grupos del crimen organizado.<br><\/p>\n\n\n\n<p>Pero la revelaci\u00f3n del financiamiento a su campa\u00f1a no es el \u00fanico tema que mantiene al primer mandatario en una crisis, tambi\u00e9n la reducci\u00f3n de la brecha en las encuestas entre su candidata Claudia Sheinbaum y la opositora X\u00f3chitl G\u00e1lvez es un tema que le preocupa, ya que se encuentran en un empate t\u00e9cnico.<br><\/p>\n\n\n\n<p>Conforme avanza el sexenio, el Presidente y sus hijos se ven envueltos en m\u00e1s esc\u00e1ndalos de presunta corrupci\u00f3n y tr\u00e1fico de influencias, por lo que no es de extra\u00f1ar que sea el m\u00e1s interesado en que gane su candidata y as\u00ed evitar investigaciones en su contra.<br><\/p>\n\n\n\n<p>Es por eso que, la semana pasada, sabiendo que no tiene los votos para aprobarlas, envi\u00f3 20 iniciativas a la C\u00e1mara de Diputados que pretenden un cambio en la estructura del Estado, pero que abarca temas que f\u00e1cilmente se pueden ofrecer como promesas de campa\u00f1a.<br><\/p>\n\n\n\n<p>El Presidente se ha empe\u00f1ado en verse como un hombre fuerte y saludable, sin embargo, la crisis en el para\u00edso de Palacio ya ha comenzado a hacer estragos y hacia el final de la semana se present\u00f3 en su conferencia con una severa inflamaci\u00f3n del ojo que, pudo ser causada por alguna bacteria o bien por el estr\u00e9s, es m\u00e1s por primera ocasi\u00f3n el primer mandatario se dej\u00f3 ver con lentes en una ceremonia oficial.<br><\/p>\n\n\n\n<p>El oficialismo asegura una y otra vez que no hay competencia que les impida mantener su llamada Cuarta Transformaci\u00f3n, pero lo cierto es que los otros datos dan cuenta que el proceso electoral no ser\u00e1 el d\u00eda de campo que esperaba Morena, lo que provoca que, ante su necesidad de impunidad, el primer mandatario haga uso de todo el poder y dinero para mantener su Movimiento en el poder.<\/p>\n","protected":false},"excerpt":{"rendered":"<p>Por Luis Pinal Da Silva El 31 de enero signific\u00f3 el inicio \u2013 verdadero esta vez \u2013 del Waterloo del presidente de M\u00e9xico, Andr\u00e9s Manuel L\u00f3pez Obrador. La publicaci\u00f3n de ProPublica le revent\u00f3 en mil pedazos, ya que se trata de una investigaci\u00f3n hecha por la Administraci\u00f3n de Control de Drogas (DEA) de Estados Unidos [&hellip;]<\/p>\n","protected":false},"author":1,"featured_media":47113,"comment_status":"closed","ping_status":"closed","sticky":false,"template":"","format":"standard","meta":{"footnotes":""},"categories":[32],"tags":[],"class_list":["post-47112","post","type-post","status-publish","format-standard","has-post-thumbnail","hentry","category-editorial"],"_links":{"self":[{"href":"https:\/\/elinformante.mx\/index.php?rest_route=\/wp\/v2\/posts\/47112","targetHints":{"allow":["GET"]}}],"collection":[{"href":"https:\/\/elinformante.mx\/index.php?rest_route=\/wp\/v2\/posts"}],"about":[{"href":"https:\/\/elinformante.mx\/index.php?rest_route=\/wp\/v2\/types\/post"}],"author":[{"embeddable":true,"href":"https:\/\/elinformante.mx\/index.php?rest_route=\/wp\/v2\/users\/1"}],"replies":[{"embeddable":true,"href":"https:\/\/elinformante.mx\/index.php?rest_route=%2Fwp%2Fv2%2Fcomments&post=47112"}],"version-history":[{"count":0,"href":"https:\/\/elinformante.mx\/index.php?rest_route=\/wp\/v2\/posts\/47112\/revisions"}],"wp:featuredmedia":[{"embeddable":true,"href":"https:\/\/elinformante.mx\/index.php?rest_route=\/wp\/v2\/media\/47113"}],"wp:attachment":[{"href":"https:\/\/elinformante.mx\/index.php?rest_route=%2Fwp%2Fv2%2Fmedia&parent=47112"}],"wp:term":[{"taxonomy":"category","embeddable":true,"href":"https:\/\/elinformante.mx\/index.php?rest_route=%2Fwp%2Fv2%2Fcategories&post=47112"},{"taxonomy":"post_tag","embeddable":true,"href":"https:\/\/elinformante.mx\/index.php?rest_route=%2Fwp%2Fv2%2Ftags&post=47112"}],"curies":[{"name":"wp","href":"https:\/\/api.w.org\/{rel}","templated":true}]}}