{"id":47234,"date":"2024-02-15T04:43:06","date_gmt":"2024-02-15T10:43:06","guid":{"rendered":"https:\/\/elinformante.mx\/?p=47234"},"modified":"2024-02-15T04:43:08","modified_gmt":"2024-02-15T10:43:08","slug":"regresa-will-smith-a-los-cines-con-la-cinta-sugar-bandits-sobre-un-veterano-de-irak","status":"publish","type":"post","link":"https:\/\/elinformante.mx\/?p=47234","title":{"rendered":"Regresa Will Smith a los cines con la cinta \u201cSugar Bandits\u201d, sobre un veterano de Irak"},"content":{"rendered":"\n<blockquote class=\"wp-block-quote is-layout-flow wp-block-quote-is-layout-flow\">\n<p>La \u00faltima pel\u00edcula en la que particip\u00f3 Will Smith fue \u201cEmancipation\u201d, del director Antoine Fuqua y distribuida por Apple.<\/p>\n<\/blockquote>\n\n\n\n<p>El histri\u00f3n Will Smith, regresa al cine y se inform\u00f3 que interpretar\u00e1 a un veterano de la guerra de Irak en la pel\u00edcula de suspenso titulada \u201cSugar Bandits\u201d, la cual ser\u00e1 presentada a los compradores de la pr\u00f3xima edici\u00f3n del Mercado de Cine Europeo (EFM por sus siglas en ingl\u00e9s) que se llevar\u00e1 a cabo entre este jueves y el 21 de febrero en el marco de la Berlinale.<br><\/p>\n\n\n\n<p>Deadline y Variety indicaron que se prev\u00e9 que el actor no sea el protagonista del filme, que tiene como productores al propio Smith y a Jon Mone (\u2018Battleship\u2019) a trav\u00e9s de Westbrook Studios.<br><\/p>\n\n\n\n<p>La trama est\u00e1 basada en la novela \u201cDevils in Exile\u201d, del escritor estadounidense Chuck Hogan, que versa sobre un veterano de la guerra de Irak que se une a un escuadr\u00f3n de \u00e9lite para luchar contra el tr\u00e1fico de drogas en Boston.<br><\/p>\n\n\n\n<p>Hogan, quien ha sido guionista de filmes como \u201cThe Town\u201d (2010) y la serie \u201cThe Strain\u201d (2014) -en el que comparti\u00f3 cr\u00e9ditos con el director mexicano Guillermo del Toro-, tambi\u00e9n escribi\u00f3 el guion del filme, que tendr\u00e1 un presupuesto aproximado de 80 millones de d\u00f3lares.<br><\/p>\n\n\n\n<p>El proyecto a\u00fan no tiene un director asignado y fue lanzado al mercado independiente. No obstante, en un principio la pel\u00edcula hab\u00eda sido anunciado en 2013 por Universal Studios, con Joe Carnahan (\u2018The Blacklist\u2019) como director.<br><\/p>\n\n\n\n<p>La \u00faltima pel\u00edcula en la que particip\u00f3 Will Smith fue \u201cEmancipation\u201d, del director Antoine Fuqua y distribuida por Apple.<br><\/p>\n\n\n\n<p>Smith tambi\u00e9n tiene en puerta la cuarta pel\u00edcula de la saga de \u201cBad Boys\u201d, de Sony, cuyas grabaciones se vieron afectadas por la huelga que los escritores y guionistas protagonizaron durante 2023, as\u00ed como la segunda parte de \u201cI Am Legend\u201d, que est\u00e1 previsto que coprotagonice Michael B. Jordan.<br><\/p>\n\n\n\n<p>Este ser\u00e1 el regreso a la gran pantalla del actor, quien en 2022 protagoniz\u00f3 la 94 edici\u00f3n de los Oscar tras abofetear al comediante Chris Rock, quien durante la premiaci\u00f3n hizo una broma sobre la alopecia de su esposa, Jada Pinkett Smith.<\/p>\n","protected":false},"excerpt":{"rendered":"<p>La \u00faltima pel\u00edcula en la que particip\u00f3 Will Smith fue \u201cEmancipation\u201d, del director Antoine Fuqua y distribuida por Apple. El histri\u00f3n Will Smith, regresa al cine y se inform\u00f3 que interpretar\u00e1 a un veterano de la guerra de Irak en la pel\u00edcula de suspenso titulada \u201cSugar Bandits\u201d, la cual ser\u00e1 presentada a los compradores de [&hellip;]<\/p>\n","protected":false},"author":1,"featured_media":47235,"comment_status":"closed","ping_status":"closed","sticky":false,"template":"","format":"standard","meta":{"footnotes":""},"categories":[30,39],"tags":[],"class_list":["post-47234","post","type-post","status-publish","format-standard","has-post-thumbnail","hentry","category-destacado","category-espectaculos"],"_links":{"self":[{"href":"https:\/\/elinformante.mx\/index.php?rest_route=\/wp\/v2\/posts\/47234","targetHints":{"allow":["GET"]}}],"collection":[{"href":"https:\/\/elinformante.mx\/index.php?rest_route=\/wp\/v2\/posts"}],"about":[{"href":"https:\/\/elinformante.mx\/index.php?rest_route=\/wp\/v2\/types\/post"}],"author":[{"embeddable":true,"href":"https:\/\/elinformante.mx\/index.php?rest_route=\/wp\/v2\/users\/1"}],"replies":[{"embeddable":true,"href":"https:\/\/elinformante.mx\/index.php?rest_route=%2Fwp%2Fv2%2Fcomments&post=47234"}],"version-history":[{"count":0,"href":"https:\/\/elinformante.mx\/index.php?rest_route=\/wp\/v2\/posts\/47234\/revisions"}],"wp:featuredmedia":[{"embeddable":true,"href":"https:\/\/elinformante.mx\/index.php?rest_route=\/wp\/v2\/media\/47235"}],"wp:attachment":[{"href":"https:\/\/elinformante.mx\/index.php?rest_route=%2Fwp%2Fv2%2Fmedia&parent=47234"}],"wp:term":[{"taxonomy":"category","embeddable":true,"href":"https:\/\/elinformante.mx\/index.php?rest_route=%2Fwp%2Fv2%2Fcategories&post=47234"},{"taxonomy":"post_tag","embeddable":true,"href":"https:\/\/elinformante.mx\/index.php?rest_route=%2Fwp%2Fv2%2Ftags&post=47234"}],"curies":[{"name":"wp","href":"https:\/\/api.w.org\/{rel}","templated":true}]}}