{"id":47237,"date":"2024-02-15T04:44:57","date_gmt":"2024-02-15T10:44:57","guid":{"rendered":"https:\/\/elinformante.mx\/?p=47237"},"modified":"2024-02-15T04:44:58","modified_gmt":"2024-02-15T10:44:58","slug":"sergio-perez-presento-su-casco-para-la-temporada-2024","status":"publish","type":"post","link":"https:\/\/elinformante.mx\/?p=47237","title":{"rendered":"Sergio P\u00e9rez present\u00f3 su casco para la temporada 2024"},"content":{"rendered":"\n<blockquote class=\"wp-block-quote is-layout-flow wp-block-quote-is-layout-flow\">\n<p>El tapat\u00edo de Red Bull se alista para la campa\u00f1a m\u00e1s importante de su carrera, pensando en una extensi\u00f3n de contrato.<\/p>\n<\/blockquote>\n\n\n\n<p>Como era de esperarse, Sergio \u201cCheco\u201d P\u00e9rez present\u00f3 el casco con que correr\u00e1 la temporada 2024 de la F\u00f3rmula 1, que usar\u00e1 la mayor parte de la campa\u00f1a, aunque se espera que en ocasiones especiales como los Grandes Premios de M\u00f3naco o M\u00e9xico el dise\u00f1o pueda cambiar, como lo ha hecho en a\u00f1os anteriores.<br><\/p>\n\n\n\n<p>P\u00e9rez se declar\u00f3 listo para buscar brillar una vez m\u00e1s en la F\u00f3rmula Uno dentro de la temporada 2024, la n\u00famero 14 en su trayectoria.<br><\/p>\n\n\n\n<p>Respecto al casco, opt\u00f3 por una decoraci\u00f3n elegante y siempre apegada a detalles de la cultura nacional, y cuenta con color base blanco y el azul, mientras que luce detalles como la bandera tricolor en la parte m\u00e1s alta y su ya tan reconocida frase de \u201cNever Give Up\u201d (Nunca te rindas) en la parte trasera.<br><\/p>\n\n\n\n<figure class=\"wp-block-image size-large\"><img fetchpriority=\"high\" decoding=\"async\" width=\"1024\" height=\"503\" src=\"https:\/\/elinformante.mx\/wp-content\/uploads\/2024\/02\/SERGIO-PEREZ-1024x503.jpg\" alt=\"\" class=\"wp-image-47239\" srcset=\"https:\/\/elinformante.mx\/wp-content\/uploads\/2024\/02\/SERGIO-PEREZ-1024x503.jpg 1024w, https:\/\/elinformante.mx\/wp-content\/uploads\/2024\/02\/SERGIO-PEREZ-300x147.jpg 300w, https:\/\/elinformante.mx\/wp-content\/uploads\/2024\/02\/SERGIO-PEREZ-768x377.jpg 768w, https:\/\/elinformante.mx\/wp-content\/uploads\/2024\/02\/SERGIO-PEREZ-580x285.jpg 580w, https:\/\/elinformante.mx\/wp-content\/uploads\/2024\/02\/SERGIO-PEREZ-860x422.jpg 860w, https:\/\/elinformante.mx\/wp-content\/uploads\/2024\/02\/SERGIO-PEREZ.jpg 1140w\" sizes=\"(max-width: 1024px) 100vw, 1024px\" \/><\/figure>\n\n\n\n<p>Tambi\u00e9n decidi\u00f3 colocar detalles en amarillo para que \u201cas\u00ed al menos me puedan reconocer\u201d. Los logos de Red Bull se encuentran a los costados y la frase de Jalisco, estado del que es originario y embajador tur\u00edstico desde 2022, adem\u00e1s de patrones de la cultura Huipil.<br><\/p>\n\n\n\n<p>Hay que mencionar que en d\u00edas anteriores Max Verstappen tambi\u00e9n present\u00f3 su modelo con los colores blanco, azul y rojo como los dominantes, el ya tan famoso le\u00f3n en la parte superior y tres estrellas que representan sus tres campeonatos conseguidos en 2021, 2022 y 2023.<br><\/p>\n\n\n\n<p>Sergio P\u00e9rez comenzar\u00e1 su cuarta temporada con Red Bull, \u00faltimo de acuerdo a su contrato con la escuder\u00eda, en busca de sobresalir y as\u00ed ganarse una extensi\u00f3n en el v\u00ednculo con el equipo m\u00e1s dominante de la F\u00f3rmula Uno hoy en d\u00eda.<\/p>\n","protected":false},"excerpt":{"rendered":"<p>El tapat\u00edo de Red Bull se alista para la campa\u00f1a m\u00e1s importante de su carrera, pensando en una extensi\u00f3n de contrato. Como era de esperarse, Sergio \u201cCheco\u201d P\u00e9rez present\u00f3 el casco con que correr\u00e1 la temporada 2024 de la F\u00f3rmula 1, que usar\u00e1 la mayor parte de la campa\u00f1a, aunque se espera que en ocasiones [&hellip;]<\/p>\n","protected":false},"author":1,"featured_media":47238,"comment_status":"closed","ping_status":"closed","sticky":false,"template":"","format":"standard","meta":{"footnotes":""},"categories":[38,30],"tags":[],"class_list":["post-47237","post","type-post","status-publish","format-standard","has-post-thumbnail","hentry","category-deportes","category-destacado"],"_links":{"self":[{"href":"https:\/\/elinformante.mx\/index.php?rest_route=\/wp\/v2\/posts\/47237","targetHints":{"allow":["GET"]}}],"collection":[{"href":"https:\/\/elinformante.mx\/index.php?rest_route=\/wp\/v2\/posts"}],"about":[{"href":"https:\/\/elinformante.mx\/index.php?rest_route=\/wp\/v2\/types\/post"}],"author":[{"embeddable":true,"href":"https:\/\/elinformante.mx\/index.php?rest_route=\/wp\/v2\/users\/1"}],"replies":[{"embeddable":true,"href":"https:\/\/elinformante.mx\/index.php?rest_route=%2Fwp%2Fv2%2Fcomments&post=47237"}],"version-history":[{"count":0,"href":"https:\/\/elinformante.mx\/index.php?rest_route=\/wp\/v2\/posts\/47237\/revisions"}],"wp:featuredmedia":[{"embeddable":true,"href":"https:\/\/elinformante.mx\/index.php?rest_route=\/wp\/v2\/media\/47238"}],"wp:attachment":[{"href":"https:\/\/elinformante.mx\/index.php?rest_route=%2Fwp%2Fv2%2Fmedia&parent=47237"}],"wp:term":[{"taxonomy":"category","embeddable":true,"href":"https:\/\/elinformante.mx\/index.php?rest_route=%2Fwp%2Fv2%2Fcategories&post=47237"},{"taxonomy":"post_tag","embeddable":true,"href":"https:\/\/elinformante.mx\/index.php?rest_route=%2Fwp%2Fv2%2Ftags&post=47237"}],"curies":[{"name":"wp","href":"https:\/\/api.w.org\/{rel}","templated":true}]}}