{"id":47942,"date":"2024-02-23T05:15:52","date_gmt":"2024-02-23T11:15:52","guid":{"rendered":"https:\/\/elinformante.mx\/?p=47942"},"modified":"2024-02-23T05:15:53","modified_gmt":"2024-02-23T11:15:53","slug":"medio-siglo-para-recuperar-el-pulmon-verde-de-acapulco","status":"publish","type":"post","link":"https:\/\/elinformante.mx\/?p=47942","title":{"rendered":"Medio siglo para recuperar el pulm\u00f3n verde de Acapulco"},"content":{"rendered":"\n<blockquote class=\"wp-block-quote is-layout-flow wp-block-quote-is-layout-flow\">\n<p>El hurac\u00e1n Otis destruy\u00f3 m\u00e1s de 800 \u00e1rboles que ten\u00edan entre 50 y 80 a\u00f1os de vida; en junio inicia la reforestaci\u00f3n pero ser\u00e1n 50 a\u00f1os para recuperar las \u00e1reas verdes.<\/p>\n<\/blockquote>\n\n\n\n<p>Abel Luvio Villanueva, director del Parque Papagayo de Acapulco, Guerrero, asegur\u00f3 que para recuperar el \u00fanico pulm\u00f3n verde que se tiene en el puerto, luego de la devastaci\u00f3n ocasionada por el paso del hurac\u00e1n Otis, ser\u00e1 en un lapso de 50 a\u00f1os.<br><\/p>\n\n\n\n<p>El funcionario se\u00f1al\u00f3 que lo sucedi\u00f3 en el Parque Papagayo fue una tragedia ecol\u00f3gica que termino con la vida de m\u00e1s de 800 \u00e1rboles que ten\u00edan una vida de m\u00e1s de 50, 60 y hasta de 80 a\u00f1os de edad.<br><\/p>\n\n\n\n<p>Se\u00f1al\u00f3 que luego del proyecto que se tiene considerado para la recuperaci\u00f3n de las \u00e1reas verdes en las m\u00e1s de 22 hect\u00e1reas que forman el Parque Papagayo, se considera un plazo de 50 a\u00f1os para recuperar todo el sembrad\u00edo que se ten\u00eda hasta antes del fen\u00f3meno meteorol\u00f3gico en octubre pasado.<br><\/p>\n\n\n\n<p>Luvio Villanueva, expres\u00f3 que ser\u00e1n \u00e1rboles adolescentes los que se erar\u00e1n sembrando en el Parque Papagayo durante el periodo de la temporada de lluvias, y se destacaran los mangos, almendros, as\u00ed como tamarindos y los guan\u00e1banos que son los m\u00e1s comunes de la regi\u00f3n.<br><\/p>\n\n\n\n<p>Inform\u00f3 que la semana pasada ya se firm\u00f3 el convenio con las autoridades de la Secretar\u00eda de Medio Ambiente federal, para iniciar con el programa de reforestaci\u00f3n del parque, a partir del mes de junio o julio en la temporada de vacaciones que es la fecha correcta para la plantaci\u00f3n de los \u00e1rboles y plantas de ornato.<br><\/p>\n\n\n\n<p>Dijo que el parque est\u00e1 a d\u00edas de cumplir 43 a\u00f1os de que se abri\u00f3 al p\u00fablico, y los \u00e1rboles que estaban en el momento de su inauguraci\u00f3n ya ten\u00edan m\u00e1s de 50 a\u00f1os de antig\u00fcedad, eran \u00e1rboles hist\u00f3ricos como parotas que fueron colapsados por los fuertes vientos del hurac\u00e1n.<br><\/p>\n\n\n\n<p>Vamos a sembrar \u00e1rboles adolescentes, pero que van a tardar a\u00f1os en tener el tama\u00f1o y las dimensiones de los que se perdieron en octubre del a\u00f1o pasado.<br><\/p>\n\n\n\n<p>Lo que ocurri\u00f3 en el parque papagayo, fue una tragedia ecol\u00f3gica independiente de todos los da\u00f1os que se registraron en las \u00e1reas que ahora no est\u00e1n funcionando en un 100 por ciento luego el fen\u00f3meno natural.<br><\/p>\n\n\n\n<p>Finalmente manifest\u00f3 que en los pr\u00f3ximos d\u00edas, llegar\u00e1 al parque personal capacitado para hacer un proyecto y as\u00ed definir la cantidad de \u00e1rboles y el tipo de estos.<\/p>\n","protected":false},"excerpt":{"rendered":"<p>El hurac\u00e1n Otis destruy\u00f3 m\u00e1s de 800 \u00e1rboles que ten\u00edan entre 50 y 80 a\u00f1os de vida; en junio inicia la reforestaci\u00f3n pero ser\u00e1n 50 a\u00f1os para recuperar las \u00e1reas verdes. Abel Luvio Villanueva, director del Parque Papagayo de Acapulco, Guerrero, asegur\u00f3 que para recuperar el \u00fanico pulm\u00f3n verde que se tiene en el puerto, [&hellip;]<\/p>\n","protected":false},"author":1,"featured_media":47943,"comment_status":"closed","ping_status":"closed","sticky":false,"template":"","format":"standard","meta":{"footnotes":""},"categories":[30,34],"tags":[],"class_list":["post-47942","post","type-post","status-publish","format-standard","has-post-thumbnail","hentry","category-destacado","category-nacional"],"_links":{"self":[{"href":"https:\/\/elinformante.mx\/index.php?rest_route=\/wp\/v2\/posts\/47942","targetHints":{"allow":["GET"]}}],"collection":[{"href":"https:\/\/elinformante.mx\/index.php?rest_route=\/wp\/v2\/posts"}],"about":[{"href":"https:\/\/elinformante.mx\/index.php?rest_route=\/wp\/v2\/types\/post"}],"author":[{"embeddable":true,"href":"https:\/\/elinformante.mx\/index.php?rest_route=\/wp\/v2\/users\/1"}],"replies":[{"embeddable":true,"href":"https:\/\/elinformante.mx\/index.php?rest_route=%2Fwp%2Fv2%2Fcomments&post=47942"}],"version-history":[{"count":0,"href":"https:\/\/elinformante.mx\/index.php?rest_route=\/wp\/v2\/posts\/47942\/revisions"}],"wp:featuredmedia":[{"embeddable":true,"href":"https:\/\/elinformante.mx\/index.php?rest_route=\/wp\/v2\/media\/47943"}],"wp:attachment":[{"href":"https:\/\/elinformante.mx\/index.php?rest_route=%2Fwp%2Fv2%2Fmedia&parent=47942"}],"wp:term":[{"taxonomy":"category","embeddable":true,"href":"https:\/\/elinformante.mx\/index.php?rest_route=%2Fwp%2Fv2%2Fcategories&post=47942"},{"taxonomy":"post_tag","embeddable":true,"href":"https:\/\/elinformante.mx\/index.php?rest_route=%2Fwp%2Fv2%2Ftags&post=47942"}],"curies":[{"name":"wp","href":"https:\/\/api.w.org\/{rel}","templated":true}]}}