{"id":48657,"date":"2024-03-04T06:31:09","date_gmt":"2024-03-04T12:31:09","guid":{"rendered":"https:\/\/elinformante.mx\/?p=48657"},"modified":"2024-03-04T06:31:10","modified_gmt":"2024-03-04T12:31:10","slug":"fallece-a-los-102-anos-iris-apfel-modelo-e-icono-de-la-moda","status":"publish","type":"post","link":"https:\/\/elinformante.mx\/?p=48657","title":{"rendered":"Fallece a los 102 a\u00f1os Iris Apfel, modelo e \u00edcono de la moda"},"content":{"rendered":"\n<blockquote class=\"wp-block-quote is-layout-flow wp-block-quote-is-layout-flow\">\n<p>Uno de sus \u00faltimos trabajos en moda fue tambi\u00e9n una colecci\u00f3n de ropa con H&amp;M, que present\u00f3 en 2022. Una colecci\u00f3n llena de color, su m\u00e1xima se\u00f1a de identidad.<\/p>\n<\/blockquote>\n\n\n\n<p>La empresaria estadounidense, dise\u00f1adora de interiores e icono de la moda Iris Apfel falleci\u00f3 a los 102 a\u00f1os, seg\u00fan un mensaje publicado a trav\u00e9s de su perfil en redes sociales.<br><\/p>\n\n\n\n<p>El portavoz de su familia, Stu Loeser, tambi\u00e9n confirm\u00f3 al diario The New York times que falleci\u00f3 en su casa de Palm Beach, en Florida.<br><\/p>\n\n\n\n<p>Con m\u00e1s de tres millones de seguidores en Instagram, la tambi\u00e9n modelo -ant\u00edtesis del edadismo- sigui\u00f3 dando lecciones de tendencias y tambi\u00e9n de maquillaje como imagen de la firma Ciat\u00e9 London hasta los \u00faltimos momentos de su vida.<br><\/p>\n\n\n\n<p>Desde que se descubriera su hipn\u00f3tico atractivo con una exposici\u00f3n de su colecci\u00f3n en el Metropolitan de Nueva York, en 2005, cuando Apfel ya contaba con 84 a\u00f1os, las revistas y marcas de moda pusieron los ojos en ella. Desde entonces ha materializado campa\u00f1as con firmas de joyer\u00eda, moda e incluso de helados.<br><\/p>\n\n\n\n<figure class=\"wp-block-image size-large\"><img fetchpriority=\"high\" decoding=\"async\" width=\"1024\" height=\"503\" src=\"https:\/\/elinformante.mx\/wp-content\/uploads\/2024\/03\/FALLECE-A-2-1024x503.jpg\" alt=\"\" class=\"wp-image-48659\" srcset=\"https:\/\/elinformante.mx\/wp-content\/uploads\/2024\/03\/FALLECE-A-2-1024x503.jpg 1024w, https:\/\/elinformante.mx\/wp-content\/uploads\/2024\/03\/FALLECE-A-2-300x147.jpg 300w, https:\/\/elinformante.mx\/wp-content\/uploads\/2024\/03\/FALLECE-A-2-768x377.jpg 768w, https:\/\/elinformante.mx\/wp-content\/uploads\/2024\/03\/FALLECE-A-2-580x285.jpg 580w, https:\/\/elinformante.mx\/wp-content\/uploads\/2024\/03\/FALLECE-A-2-860x422.jpg 860w, https:\/\/elinformante.mx\/wp-content\/uploads\/2024\/03\/FALLECE-A-2.jpg 1140w\" sizes=\"(max-width: 1024px) 100vw, 1024px\" \/><\/figure>\n\n\n\n<p>Uno de sus \u00faltimos trabajos en moda fue tambi\u00e9n una colecci\u00f3n de ropa con H&amp;M, que present\u00f3 en 2022. Una colecci\u00f3n llena de color, su m\u00e1xima se\u00f1a de identidad.<br><\/p>\n\n\n\n<p>\u201cEl mundo puede ser un lugar gris, por lo que los colores, patrones y texturas son una forma de darle vida a un poco de diversi\u00f3n. Lo mismo ocurre con el maquillaje: quiero que mis l\u00e1pices labiales sean lo m\u00e1s brillantes y atrevidos posibles\u201d, le contaba a la revista People en una entrevista hecha en 2022.<br><\/p>\n\n\n\n<p>En ella tambi\u00e9n hablaba de uno de sus objetos m\u00e1s caracter\u00edsticos, las grandes y vistosas gafas de pasta: \u201cLa gente me dec\u00eda, \u2018\u00bfpor qu\u00e9 son tan grandes?\u2019 Y yo les dec\u00eda que porque se alegran de verte\u201d, dijo.<br><\/p>\n\n\n\n<p>Aunque Apfel se convirti\u00f3 en un gigante de la moda en sus \u00faltimos a\u00f1os, pas\u00f3 sus primeros a\u00f1os como dise\u00f1adora de interiores y experta textil.<br><\/p>\n\n\n\n<p>Despu\u00e9s de casarse con su esposo Carl Apfel en 1947, los dos fundaron Old World Weavers, una empresa textil que trabaj\u00f3 con personalidades de la \u00e9poca como Greta Garbo o Est\u00e9e Lauder, y con la que trabaj\u00f3 tambi\u00e9n decorando la Casa Blanca para varios presidentes.<\/p>\n","protected":false},"excerpt":{"rendered":"<p>Uno de sus \u00faltimos trabajos en moda fue tambi\u00e9n una colecci\u00f3n de ropa con H&amp;M, que present\u00f3 en 2022. Una colecci\u00f3n llena de color, su m\u00e1xima se\u00f1a de identidad. La empresaria estadounidense, dise\u00f1adora de interiores e icono de la moda Iris Apfel falleci\u00f3 a los 102 a\u00f1os, seg\u00fan un mensaje publicado a trav\u00e9s de su [&hellip;]<\/p>\n","protected":false},"author":1,"featured_media":48658,"comment_status":"closed","ping_status":"closed","sticky":false,"template":"","format":"standard","meta":{"footnotes":""},"categories":[30,39],"tags":[],"class_list":["post-48657","post","type-post","status-publish","format-standard","has-post-thumbnail","hentry","category-destacado","category-espectaculos"],"_links":{"self":[{"href":"https:\/\/elinformante.mx\/index.php?rest_route=\/wp\/v2\/posts\/48657","targetHints":{"allow":["GET"]}}],"collection":[{"href":"https:\/\/elinformante.mx\/index.php?rest_route=\/wp\/v2\/posts"}],"about":[{"href":"https:\/\/elinformante.mx\/index.php?rest_route=\/wp\/v2\/types\/post"}],"author":[{"embeddable":true,"href":"https:\/\/elinformante.mx\/index.php?rest_route=\/wp\/v2\/users\/1"}],"replies":[{"embeddable":true,"href":"https:\/\/elinformante.mx\/index.php?rest_route=%2Fwp%2Fv2%2Fcomments&post=48657"}],"version-history":[{"count":0,"href":"https:\/\/elinformante.mx\/index.php?rest_route=\/wp\/v2\/posts\/48657\/revisions"}],"wp:featuredmedia":[{"embeddable":true,"href":"https:\/\/elinformante.mx\/index.php?rest_route=\/wp\/v2\/media\/48658"}],"wp:attachment":[{"href":"https:\/\/elinformante.mx\/index.php?rest_route=%2Fwp%2Fv2%2Fmedia&parent=48657"}],"wp:term":[{"taxonomy":"category","embeddable":true,"href":"https:\/\/elinformante.mx\/index.php?rest_route=%2Fwp%2Fv2%2Fcategories&post=48657"},{"taxonomy":"post_tag","embeddable":true,"href":"https:\/\/elinformante.mx\/index.php?rest_route=%2Fwp%2Fv2%2Ftags&post=48657"}],"curies":[{"name":"wp","href":"https:\/\/api.w.org\/{rel}","templated":true}]}}