{"id":48665,"date":"2024-03-04T06:38:31","date_gmt":"2024-03-04T12:38:31","guid":{"rendered":"https:\/\/elinformante.mx\/?p=48665"},"modified":"2024-03-04T06:38:32","modified_gmt":"2024-03-04T12:38:32","slug":"morena-apoyara-continuidad-de-elias-rescala-al-frente-de-la-jucopo","status":"publish","type":"post","link":"https:\/\/elinformante.mx\/?p=48665","title":{"rendered":"Morena apoyar\u00e1 continuidad de El\u00edas Rescala al frente de la Jucopo"},"content":{"rendered":"\n<blockquote class=\"wp-block-quote is-layout-flow wp-block-quote-is-layout-flow\">\n<p>El 7 de marzo de acuerdo al \u00faltimo acuerdo de la Junta, tendr\u00e1 que realizarse el cambio.<\/p>\n<\/blockquote>\n\n\n\n<p>Maurilio Hern\u00e1ndez Gonz\u00e1lez, coordinador del Grupo Parlamentario de Morena en la C\u00e1mara de Diputados, dio a conocer que el reglamento indica que cada a\u00f1o se tiene que elegir a la mesa directiva de la Junta de Coordinaci\u00f3n Pol\u00edtica en la Legislatura, la cual est\u00e1 compuesta por los coordinadores de los grupos parlamentarios, pero se organiza con una mesa electiva, ya sea que se ratifiquen los mismos encargos a los coordinadores, o haya cambios, y esto se tendr\u00e1 que realizar el pr\u00f3ximo martes.<br><\/p>\n\n\n\n<p>El 7 de marzo de acuerdo al \u00faltimo acuerdo de la Junta, tendr\u00e1 que realizarse el cambio, en el sentido, y el legislador dijo que en Morena mantendr\u00e1n el compromiso de ratificar al diputado El\u00edas Rescala como presidente de la misma.<br><\/p>\n\n\n\n<p>Y esa es la posici\u00f3n de Morena aunque no sabe cu\u00e1l es la opini\u00f3n de los otros grupos.<br><\/p>\n\n\n\n<p>Depender\u00e1 se\u00f1al\u00f3, de los acuerdos entre el PRI y el PAN, s\u00ed ser\u00e1 el blanquiazul qui\u00e9n puede encabezar el cierre de la LXI Legislatura.<br><\/p>\n\n\n\n<p>Por otra parte, se\u00f1al\u00f3 que en el trabajo legislativo de su grupo, siguen trabajando en las iniciativas que est\u00e1n en Comisiones, las cuales fueron recuperadas para evitar su preclusi\u00f3n, a partir de los acuerdos en la Jucopo y a petici\u00f3n de los diferentes grupos parlamentarios.<br><\/p>\n\n\n\n<p>\u201cEs lo que se trabaja en las Comisiones, por lo que se siguen decretando dict\u00e1menes y lo fundamental es fortalecer las \u00e1reas relativas a los temas \u00e1lgidos como el agua y seguridad\u201d.<br><\/p>\n\n\n\n<p>Este \u00faltimo, afirm\u00f3 tiene un abanico amplio de asuntos que tratar, con el prop\u00f3sito de fortalecer la procuraci\u00f3n de justicia por un lado, y por otro la certeza jur\u00eddica que la ciudadan\u00eda debe tener en la acci\u00f3n del propio gobierno.<\/p>\n","protected":false},"excerpt":{"rendered":"<p>El 7 de marzo de acuerdo al \u00faltimo acuerdo de la Junta, tendr\u00e1 que realizarse el cambio. Maurilio Hern\u00e1ndez Gonz\u00e1lez, coordinador del Grupo Parlamentario de Morena en la C\u00e1mara de Diputados, dio a conocer que el reglamento indica que cada a\u00f1o se tiene que elegir a la mesa directiva de la Junta de Coordinaci\u00f3n Pol\u00edtica [&hellip;]<\/p>\n","protected":false},"author":1,"featured_media":48666,"comment_status":"closed","ping_status":"closed","sticky":false,"template":"","format":"standard","meta":{"footnotes":""},"categories":[30,36],"tags":[],"class_list":["post-48665","post","type-post","status-publish","format-standard","has-post-thumbnail","hentry","category-destacado","category-edomex"],"_links":{"self":[{"href":"https:\/\/elinformante.mx\/index.php?rest_route=\/wp\/v2\/posts\/48665","targetHints":{"allow":["GET"]}}],"collection":[{"href":"https:\/\/elinformante.mx\/index.php?rest_route=\/wp\/v2\/posts"}],"about":[{"href":"https:\/\/elinformante.mx\/index.php?rest_route=\/wp\/v2\/types\/post"}],"author":[{"embeddable":true,"href":"https:\/\/elinformante.mx\/index.php?rest_route=\/wp\/v2\/users\/1"}],"replies":[{"embeddable":true,"href":"https:\/\/elinformante.mx\/index.php?rest_route=%2Fwp%2Fv2%2Fcomments&post=48665"}],"version-history":[{"count":0,"href":"https:\/\/elinformante.mx\/index.php?rest_route=\/wp\/v2\/posts\/48665\/revisions"}],"wp:featuredmedia":[{"embeddable":true,"href":"https:\/\/elinformante.mx\/index.php?rest_route=\/wp\/v2\/media\/48666"}],"wp:attachment":[{"href":"https:\/\/elinformante.mx\/index.php?rest_route=%2Fwp%2Fv2%2Fmedia&parent=48665"}],"wp:term":[{"taxonomy":"category","embeddable":true,"href":"https:\/\/elinformante.mx\/index.php?rest_route=%2Fwp%2Fv2%2Fcategories&post=48665"},{"taxonomy":"post_tag","embeddable":true,"href":"https:\/\/elinformante.mx\/index.php?rest_route=%2Fwp%2Fv2%2Ftags&post=48665"}],"curies":[{"name":"wp","href":"https:\/\/api.w.org\/{rel}","templated":true}]}}