{"id":48668,"date":"2024-03-04T06:42:20","date_gmt":"2024-03-04T12:42:20","guid":{"rendered":"https:\/\/elinformante.mx\/?p=48668"},"modified":"2024-03-04T06:42:21","modified_gmt":"2024-03-04T12:42:21","slug":"colectivo-haz-valer-mi-libertad-continua-en-pie-de-lucha-por-la-vida","status":"publish","type":"post","link":"https:\/\/elinformante.mx\/?p=48668","title":{"rendered":"Colectivo \u201cHaz Valer Mi Libertad\u201d contin\u00faa en pie de lucha por la vida"},"content":{"rendered":"\n<blockquote class=\"wp-block-quote is-layout-flow wp-block-quote-is-layout-flow\">\n<p>Los hombres y mujeres que integran el colectivo, no est\u00e1n luchando por la libertad de delincuentes, sino para personas trabajadoras que su \u00fanico delito es que estaban mugrosas o por su color.<\/p>\n<\/blockquote>\n\n\n\n<p>Han estado caso un a\u00f1o en plant\u00f3n frente a Palacio de Gobierno, y el colectivo \u201cHaz Valer Mi Libertad\u201d, a\u00fan esperan una respuesta para que sus familiares que se encuentra presuntamente, injustamente preso en alg\u00fan penal mexiquense pueda salir en libertad.<br><\/p>\n\n\n\n<p>La vocera del colectivo, Lady Placido Arroyo vocera del colectivo, explica que tuvieron una reuni\u00f3n desde el d\u00eda 21 de enero, en la cual les informaron sobre los casos ya estaban en revisi\u00f3n, que ya ten\u00edan la documentaci\u00f3n adecuada de cada caso, pero hasta el momento no se ha visto reflejado en la libertad de sus injustamente presos.<br><\/p>\n\n\n\n<p>Dijo que ellas han estado en plant\u00f3n todo ese tiempo y tienen las fotograf\u00edas de las y los hombres injustamente presos y que, por ello, es que el pasado jueves 29 de febrero, tambi\u00e9n realizaron una marcha por calle del centro de Toluca.<br><\/p>\n\n\n\n<p>\u201cColocamos nuestras propias fotograf\u00edas, para recordarles qui\u00e9nes somos nosotros, por quienes luchamos; porque nosotras somos la voz de estas personas inocentes a las que la prisi\u00f3n injusta y las autoridades judiciales, decidieron quitarles el nombre, quitarles sus derechos civiles y pol\u00edticos, quitarles todo\u201d, se\u00f1al\u00f3.<br><\/p>\n\n\n\n<p>Placido Arroyo indic\u00f3 que las personas que se encuentran el plant\u00f3n frente a palacio de gobierno estatal, padecen de agua para lavar sus trastes.<br><\/p>\n\n\n\n<p>\u201cNos hemos mantenido, comiendo frijoles o lo que Dios nos socorra, aqu\u00ed en el plant\u00f3n, aunque las inclemencias del tiempo han sido brutales\u201d, relat\u00f3.<br><\/p>\n\n\n\n<p>Dijo que, en un principio, la gobernadora mexiquense les dio toda la atenci\u00f3n en comparaci\u00f3n con la anterior administraci\u00f3n; sabemos que las autoridades ya est\u00e1n hartas de escucharnos; \u201cpero nosotros tambi\u00e9n de vivir la injusticia que no merecemos\u201d, mencion\u00f3.<br><\/p>\n\n\n\n<p>Advirti\u00f3 que los hombres y mujeres en su mayor\u00eda que integran el colectivo, no est\u00e1n luchando por la libertad de delincuentes; sino para personas trabajadoras que su \u00fanico delito es que estaban mugrosas o por su color.<br><\/p>\n\n\n\n<p>Sin embargo, dijo que ya no tienen que perder y no pierden la esperanza en la gobernadora que les de libertad a sus familiares injustamente presos.<\/p>\n","protected":false},"excerpt":{"rendered":"<p>Los hombres y mujeres que integran el colectivo, no est\u00e1n luchando por la libertad de delincuentes, sino para personas trabajadoras que su \u00fanico delito es que estaban mugrosas o por su color. Han estado caso un a\u00f1o en plant\u00f3n frente a Palacio de Gobierno, y el colectivo \u201cHaz Valer Mi Libertad\u201d, a\u00fan esperan una respuesta [&hellip;]<\/p>\n","protected":false},"author":1,"featured_media":48669,"comment_status":"closed","ping_status":"closed","sticky":false,"template":"","format":"standard","meta":{"footnotes":""},"categories":[30,36],"tags":[],"class_list":["post-48668","post","type-post","status-publish","format-standard","has-post-thumbnail","hentry","category-destacado","category-edomex"],"_links":{"self":[{"href":"https:\/\/elinformante.mx\/index.php?rest_route=\/wp\/v2\/posts\/48668","targetHints":{"allow":["GET"]}}],"collection":[{"href":"https:\/\/elinformante.mx\/index.php?rest_route=\/wp\/v2\/posts"}],"about":[{"href":"https:\/\/elinformante.mx\/index.php?rest_route=\/wp\/v2\/types\/post"}],"author":[{"embeddable":true,"href":"https:\/\/elinformante.mx\/index.php?rest_route=\/wp\/v2\/users\/1"}],"replies":[{"embeddable":true,"href":"https:\/\/elinformante.mx\/index.php?rest_route=%2Fwp%2Fv2%2Fcomments&post=48668"}],"version-history":[{"count":0,"href":"https:\/\/elinformante.mx\/index.php?rest_route=\/wp\/v2\/posts\/48668\/revisions"}],"wp:featuredmedia":[{"embeddable":true,"href":"https:\/\/elinformante.mx\/index.php?rest_route=\/wp\/v2\/media\/48669"}],"wp:attachment":[{"href":"https:\/\/elinformante.mx\/index.php?rest_route=%2Fwp%2Fv2%2Fmedia&parent=48668"}],"wp:term":[{"taxonomy":"category","embeddable":true,"href":"https:\/\/elinformante.mx\/index.php?rest_route=%2Fwp%2Fv2%2Fcategories&post=48668"},{"taxonomy":"post_tag","embeddable":true,"href":"https:\/\/elinformante.mx\/index.php?rest_route=%2Fwp%2Fv2%2Ftags&post=48668"}],"curies":[{"name":"wp","href":"https:\/\/api.w.org\/{rel}","templated":true}]}}