{"id":48678,"date":"2024-03-04T06:48:26","date_gmt":"2024-03-04T12:48:26","guid":{"rendered":"https:\/\/elinformante.mx\/?p=48678"},"modified":"2024-03-04T06:48:27","modified_gmt":"2024-03-04T12:48:27","slug":"delfina-gomez-entrega-presea-estado-de-mexico-2023-a-ciudadanos-destacados","status":"publish","type":"post","link":"https:\/\/elinformante.mx\/?p=48678","title":{"rendered":"Delfina G\u00f3mez entrega Presea Estado de M\u00e9xico 2023 a ciudadanos destacados"},"content":{"rendered":"\n<blockquote class=\"wp-block-quote is-layout-flow wp-block-quote-is-layout-flow\">\n<p>En el marco del Bicentenario de la entidad, la mandataria estatal reconoci\u00f3 a investigadores, periodistas, activistas, docentes, empresarios, a un polic\u00eda y una empresa.<\/p>\n<\/blockquote>\n\n\n\n<p>En el marco del Bicentenario de la entidad mexiquense, el Gobierno del Estado de M\u00e9xico y los Poderes Legislativo y Judicial reconocieron a 15 distinguidos mexiquenses con la Presea Estado de M\u00e9xico 2023 por su contribuci\u00f3n en diversos \u00e1mbitos de la sociedad.<br><\/p>\n\n\n\n<p>La Presea Estado de M\u00e9xico es el m\u00e1ximo galard\u00f3n que se otorga para reconocer a diversos personajes por su creatividad, impacto social y comunitario, as\u00ed como por su compromiso con el desarrollo y bienestar de las y los mexiquenses.<br><\/p>\n\n\n\n<p>Este a\u00f1o, se entregaron reconocimientos en 15 categor\u00edas, en las cuales se recibieron 3 mil 807 postulaciones entre las que se eligi\u00f3 a las y los mexiquenses que resaltaron por su trabajo.<br><\/p>\n\n\n\n<p>El Estado de M\u00e9xico cumple 200 a\u00f1os de su Fundaci\u00f3n. El 2 de marzo de 1824 con la instalaci\u00f3n de la primera Legislatura Constituyente comenz\u00f3 la vida de la entidad mexiquense, convirti\u00e9ndose en un pilar fundamental del desarrollo de M\u00e9xico por su riqueza cultural, social y territorial.<br><\/p>\n\n\n\n<h2 class=\"wp-block-heading has-text-align-center\">Galardonados con la Presea Estado de M\u00e9xico 2023<br><\/h2>\n\n\n\n<p>1.- De Ciencia, Tecnolog\u00eda e Innovaci\u00f3n \u201cJos\u00e9 Antonio Alzate\u201d, Leobardo Manuel G\u00f3mez Oliv\u00e1n, por sus investigaciones de f\u00e1rmacos en cuerpos de agua y sus efectos eco-toxicol\u00f3gicos en organismos de inter\u00e9s ecol\u00f3gico y econ\u00f3mico.<br><\/p>\n\n\n\n<p>2.- De Arte y Cultura \u201cSor Juana In\u00e9s De La Cruz\u201d, Adriana Virginia Mar\u00eda Teresa de los \u00c1ngeles Barraza Gonz\u00e1lez, por su trayectoria en las artes del cine y teatro, siendo su producci\u00f3n art\u00edstica y legado de ense\u00f1anza, cimientos para el desarrollo de futuras generaciones.<br><\/p>\n\n\n\n<figure class=\"wp-block-image size-large\"><img fetchpriority=\"high\" decoding=\"async\" width=\"1024\" height=\"503\" src=\"https:\/\/elinformante.mx\/wp-content\/uploads\/2024\/03\/DELFINA-GOMEZ-3-1024x503.jpg\" alt=\"\" class=\"wp-image-48680\" srcset=\"https:\/\/elinformante.mx\/wp-content\/uploads\/2024\/03\/DELFINA-GOMEZ-3-1024x503.jpg 1024w, https:\/\/elinformante.mx\/wp-content\/uploads\/2024\/03\/DELFINA-GOMEZ-3-300x147.jpg 300w, https:\/\/elinformante.mx\/wp-content\/uploads\/2024\/03\/DELFINA-GOMEZ-3-768x377.jpg 768w, https:\/\/elinformante.mx\/wp-content\/uploads\/2024\/03\/DELFINA-GOMEZ-3-580x285.jpg 580w, https:\/\/elinformante.mx\/wp-content\/uploads\/2024\/03\/DELFINA-GOMEZ-3-860x422.jpg 860w, https:\/\/elinformante.mx\/wp-content\/uploads\/2024\/03\/DELFINA-GOMEZ-3.jpg 1140w\" sizes=\"(max-width: 1024px) 100vw, 1024px\" \/><\/figure>\n\n\n\n<p>3.- De Pedagog\u00eda y Docencia \u201cLaura M\u00e9ndez De Cuenca\u201d, Marco Antonio Gonz\u00e1lez Villa, por su labor educativa durante 25 a\u00f1os, la autor\u00eda y publicaci\u00f3n de textos de educaci\u00f3n, psicolog\u00eda y poes\u00eda.<br><\/p>\n\n\n\n<p>4.- De Periodismo e Informaci\u00f3n \u201cLeona Vicario\u201d, Claudia M\u00f3nica Hidalgo R\u00edos, por su trayectoria period\u00edstica y relevancia de su labor en diversos medios informativos.<br><\/p>\n\n\n\n<p>5.- Al M\u00e9rito C\u00edvico y Servicios a la Comunidad \u201cIsidro Fabela Alfaro\u201d, Alejandro Contla Carmona (Post Mortem), por su lucha para reivindicar los derechos y la cultura de los pueblos originarios.<\/p>\n\n\n\n<p>Al Trabajo \u201cFidel Vel\u00e1zquez S\u00e1nchez\u201d, Susana Gregorio Garc\u00eda, por su activismo social como defensora de los derechos laborales de los servidores p\u00fablicos del Instituto de Seguridad Social del Estado de M\u00e9xico y Municipios.<br><\/p>\n\n\n\n<p>7.- A la Juventud \u201cFelipe S\u00e1nchez Sol\u00eds\u201d, Paola Mart\u00ednez Hern\u00e1ndez, por su impulso a la preservaci\u00f3n de la lengua n\u00e1huatl y el cuidado del Santuario de la Mariposa Monarca, en Temascaltepec.<br><\/p>\n\n\n\n<p>8.- A la Contribuci\u00f3n en el Servicio P\u00fablico \u201cAlfredo Del Mazo V\u00e9lez\u201d, Marco Antonio Morales G\u00f3mez, por la creaci\u00f3n de programas acad\u00e9micos de calidad y el mejoramiento de servicios especializados en materia jur\u00eddica en los distintos \u00e1mbitos en que ha laborado.<br><\/p>\n\n\n\n<p>9.- Al Impulso Econ\u00f3mico \u201cAdolfo L\u00f3pez Mateos\u201d, Francisco Alberto Cervantes D\u00edaz, por sus aportaciones para el crecimiento de la actividad industrial y econ\u00f3mica del Estado de M\u00e9xico y el pa\u00eds.<br><\/p>\n\n\n\n<figure class=\"wp-block-image size-large\"><img decoding=\"async\" width=\"1024\" height=\"503\" src=\"https:\/\/elinformante.mx\/wp-content\/uploads\/2024\/03\/DELFINA-GOMEZ-1024x503.jpg\" alt=\"\" class=\"wp-image-48681\" srcset=\"https:\/\/elinformante.mx\/wp-content\/uploads\/2024\/03\/DELFINA-GOMEZ-1024x503.jpg 1024w, https:\/\/elinformante.mx\/wp-content\/uploads\/2024\/03\/DELFINA-GOMEZ-300x147.jpg 300w, https:\/\/elinformante.mx\/wp-content\/uploads\/2024\/03\/DELFINA-GOMEZ-768x377.jpg 768w, https:\/\/elinformante.mx\/wp-content\/uploads\/2024\/03\/DELFINA-GOMEZ-580x285.jpg 580w, https:\/\/elinformante.mx\/wp-content\/uploads\/2024\/03\/DELFINA-GOMEZ-860x422.jpg 860w, https:\/\/elinformante.mx\/wp-content\/uploads\/2024\/03\/DELFINA-GOMEZ.jpg 1140w\" sizes=\"(max-width: 1024px) 100vw, 1024px\" \/><\/figure>\n\n\n\n<p>10.- De la Preservaci\u00f3n del Ambiente y la Sostenibilidad de los Recursos Naturales \u201cJos\u00e9 Mariano Moci\u00f1o Su\u00e1rez Lozada\u201d, Francisco Zepeda Mondrag\u00f3n, por sus investigaciones del cambio de uso del suelo y la cubierta vegetal, el monitoreo de oc\u00e9anos y la atm\u00f3sfera, las geo-tecnolog\u00edas en el manejo sustentable del medio ambiente y el fomento del cultivo agroecol\u00f3gico del agave.<br><\/p>\n\n\n\n<p>11.- A Quienes Sin Ser Mexiquenses Tengan M\u00e9ritos Eminentes o Relevantes \u201cJos\u00e9 Mar\u00eda Luis Mora\u201d, Sabina Berman Goldberg, por su actividad literaria, period\u00edstica, en el cine y teatro, as\u00ed como el impulso a la dramaturgia.<br><\/p>\n\n\n\n<p>12.- A la Defensa de los Derechos Humanos \u201cJos\u00e9 Mar\u00eda Morelos y Pav\u00f3n\u201d, Diana Am\u00e9rica del Valle Ram\u00edrez, por su lucha por la defensa de la tierra y los derechos humanos de los pobladores de San Salvador Atenco y otras regiones del estado.<br><\/p>\n\n\n\n<p>13.- De la Seguridad, Protecci\u00f3n Ciudadana o Procuraci\u00f3n de Justicia \u201cLe\u00f3n Guzm\u00e1n\u201d, Manuel Mart\u00ednez Becerril, por su profesionalismo y valent\u00eda al instrumentar acciones para la detenci\u00f3n de individuos relacionados con delitos de alto impacto.<br><\/p>\n\n\n\n<p>14.- Al M\u00e9rito Agrario \u201cAndr\u00e9s Molina Enr\u00edquez\u201d, a Frutos con Sabor a M\u00e9xico SPR de RL, por ser una empresa que satisface \u00edntegramente la necesidad de sus clientes, al producir, empacar, comercializar y procesar alimentos frescos con est\u00e1ndares mundiales y respeto al medio ambiente.<br><\/p>\n\n\n\n<p>15.- De Medicina y Fomento a la Salud \u201cGustavo Baz Prada\u201d, Mar\u00eda Teresa Ch\u00e1vez Rodr\u00edguez, por la promoci\u00f3n de una atenci\u00f3n hospitalaria profesional con enfoque humanista para la seguridad del paciente, impulsando una esmerada formaci\u00f3n del gremio de la enfermer\u00eda.<br><\/p>\n\n\n\n<p>Previo a la entrega de la Presea Estado de M\u00e9xico 2023, los titulares de los Poderes del Estado y representantes de la 22a Zona Militar y del Ayuntamiento de Toluca, realizaron una guardia solemne de honor en el monumento a los Hombres Ilustres, como parte de la conmemoraci\u00f3n del 200 Aniversario de la Fundaci\u00f3n del Estado Libre y Soberano de M\u00e9xico.<br><\/p>\n\n\n\n<p>En la ceremonia de entrega de la Presea 2023, efectuada al interior de Palacio del Poder Ejecutivo Estatal, estuvieron presentes los titulares de los tres Poderes del Gobierno del Estado de M\u00e9xico, as\u00ed como el Gabinete legal y ampliado, representantes del sector empresarial y organizaciones de la sociedad civil.<\/p>\n","protected":false},"excerpt":{"rendered":"<p>En el marco del Bicentenario de la entidad, la mandataria estatal reconoci\u00f3 a investigadores, periodistas, activistas, docentes, empresarios, a un polic\u00eda y una empresa. En el marco del Bicentenario de la entidad mexiquense, el Gobierno del Estado de M\u00e9xico y los Poderes Legislativo y Judicial reconocieron a 15 distinguidos mexiquenses con la Presea Estado de [&hellip;]<\/p>\n","protected":false},"author":1,"featured_media":48679,"comment_status":"closed","ping_status":"closed","sticky":false,"template":"","format":"standard","meta":{"footnotes":""},"categories":[30,36],"tags":[],"class_list":["post-48678","post","type-post","status-publish","format-standard","has-post-thumbnail","hentry","category-destacado","category-edomex"],"_links":{"self":[{"href":"https:\/\/elinformante.mx\/index.php?rest_route=\/wp\/v2\/posts\/48678","targetHints":{"allow":["GET"]}}],"collection":[{"href":"https:\/\/elinformante.mx\/index.php?rest_route=\/wp\/v2\/posts"}],"about":[{"href":"https:\/\/elinformante.mx\/index.php?rest_route=\/wp\/v2\/types\/post"}],"author":[{"embeddable":true,"href":"https:\/\/elinformante.mx\/index.php?rest_route=\/wp\/v2\/users\/1"}],"replies":[{"embeddable":true,"href":"https:\/\/elinformante.mx\/index.php?rest_route=%2Fwp%2Fv2%2Fcomments&post=48678"}],"version-history":[{"count":0,"href":"https:\/\/elinformante.mx\/index.php?rest_route=\/wp\/v2\/posts\/48678\/revisions"}],"wp:featuredmedia":[{"embeddable":true,"href":"https:\/\/elinformante.mx\/index.php?rest_route=\/wp\/v2\/media\/48679"}],"wp:attachment":[{"href":"https:\/\/elinformante.mx\/index.php?rest_route=%2Fwp%2Fv2%2Fmedia&parent=48678"}],"wp:term":[{"taxonomy":"category","embeddable":true,"href":"https:\/\/elinformante.mx\/index.php?rest_route=%2Fwp%2Fv2%2Fcategories&post=48678"},{"taxonomy":"post_tag","embeddable":true,"href":"https:\/\/elinformante.mx\/index.php?rest_route=%2Fwp%2Fv2%2Ftags&post=48678"}],"curies":[{"name":"wp","href":"https:\/\/api.w.org\/{rel}","templated":true}]}}