{"id":48683,"date":"2024-03-04T06:51:28","date_gmt":"2024-03-04T12:51:28","guid":{"rendered":"https:\/\/elinformante.mx\/?p=48683"},"modified":"2024-03-04T06:51:29","modified_gmt":"2024-03-04T12:51:29","slug":"presenta-ieem-investigacion-en-materia-de-paridad-en-la-feria-internacional-del-libro-del-palacio-de-mineria","status":"publish","type":"post","link":"https:\/\/elinformante.mx\/?p=48683","title":{"rendered":"Presenta IEEM investigaci\u00f3n en materia de paridad en la Feria Internacional del Libro del Palacio de Miner\u00eda"},"content":{"rendered":"\n<blockquote class=\"wp-block-quote is-layout-flow wp-block-quote-is-layout-flow\">\n<p>El libro se encuentra disponible para consulta y descarga en el minisitio del CFDE: https:\/\/www.ieem.org.mx\/cefode\/home.html.<\/p>\n<\/blockquote>\n\n\n\n<p>\u201c\u00bfA qu\u00e9 nos referimos con resignificar los espacios paritarios?\u201d, es una obra editada por el Instituto Electoral del Estado de M\u00e9xico (IEEM), escrita por B\u00e1rbara Mel\u00e9ndez S\u00e1nchez, que ofrece un an\u00e1lisis sobre el alcance y el prop\u00f3sito de la participaci\u00f3n pol\u00edtica de las mujeres en la toma de decisiones p\u00fablicas, as\u00ed lo se\u00f1al\u00f3 la Consejera Presidenta, Amalia Pulido G\u00f3mez, durante la presentaci\u00f3n del libro.<br><\/p>\n\n\n\n<p>En el marco de las actividades de la 45\u00ba Feria Internacional del Palacio de Miner\u00eda (FILPM) en la Ciudad de M\u00e9xico, Pulido G\u00f3mez celebr\u00f3 la publicaci\u00f3n de esta obra y destac\u00f3 que el \u00f3rgano electoral no solo est\u00e1 enfocado en la Elecci\u00f3n de Diputaciones Locales y Ayuntamientos, sino que tambi\u00e9n realiza de manera constante actividades para promover la cultura pol\u00edtica y democr\u00e1tica, lo que garantiza la continuidad de la producci\u00f3n editorial del Centro de Formaci\u00f3n y Documentaci\u00f3n Electoral (CFDE) del IEEM.<br><\/p>\n\n\n\n<p>La Consejera Presidenta explic\u00f3 que se trata de una investigaci\u00f3n sobre el desempe\u00f1o de la sexag\u00e9sima legislatura de Puebla que documenta las principales discusiones en torno a los espacios paritarios. Adem\u00e1s, describi\u00f3 la obra como un an\u00e1lisis que proporciona informaci\u00f3n sobre la trayectoria, productividad y experiencia de las legisladoras, as\u00ed como su labor en este \u00e1mbito.<br><\/p>\n\n\n\n<p>Afirm\u00f3 que los datos presentados se\u00f1alan la direcci\u00f3n hacia la cual se debe avanzar para lograr la paridad sustantiva de g\u00e9nero, y para crear las condiciones necesarias que permitan a las mujeres tener voz, influencia y poder real para impulsar agendas, tomar decisiones y liderar cambios significativos.<br><\/p>\n\n\n\n<p>La Consejera Electoral y Presidenta del Comit\u00e9 Editorial del IEEM, Sandra L\u00f3pez Bringas, fue la encargada de moderar la presentaci\u00f3n del libro en el marco de la Feria Internacional del Libro del Palacio de Miner\u00eda y destac\u00f3 que espacios como este permiten generar conocimiento sobre la cultura pol\u00edtica, a trav\u00e9s de las l\u00edneas editoriales del IEEM.<br><\/p>\n\n\n\n<p>Mel\u00e9ndez S\u00e1nchez explic\u00f3 que su libro aborda la resignificaci\u00f3n de los espacios conquistados por las mujeres en posiciones de poder. Aclar\u00f3 que esto no implica borrar los logros alcanzados a lo largo de los a\u00f1os como el acceso al voto, sino m\u00e1s bien replantearlos teniendo en cuenta el contexto hist\u00f3rico y los movimientos sociales que han facilitado el acceso a estos espacios para este sector de la poblaci\u00f3n.<br><\/p>\n\n\n\n<figure class=\"wp-block-image size-large\"><img fetchpriority=\"high\" decoding=\"async\" width=\"1024\" height=\"503\" src=\"https:\/\/elinformante.mx\/wp-content\/uploads\/2024\/03\/PRESENTA-IEEM-1024x503.jpg\" alt=\"\" class=\"wp-image-48685\" srcset=\"https:\/\/elinformante.mx\/wp-content\/uploads\/2024\/03\/PRESENTA-IEEM-1024x503.jpg 1024w, https:\/\/elinformante.mx\/wp-content\/uploads\/2024\/03\/PRESENTA-IEEM-300x147.jpg 300w, https:\/\/elinformante.mx\/wp-content\/uploads\/2024\/03\/PRESENTA-IEEM-768x377.jpg 768w, https:\/\/elinformante.mx\/wp-content\/uploads\/2024\/03\/PRESENTA-IEEM-580x285.jpg 580w, https:\/\/elinformante.mx\/wp-content\/uploads\/2024\/03\/PRESENTA-IEEM-860x422.jpg 860w, https:\/\/elinformante.mx\/wp-content\/uploads\/2024\/03\/PRESENTA-IEEM.jpg 1140w\" sizes=\"(max-width: 1024px) 100vw, 1024px\" \/><\/figure>\n\n\n\n<p>A\u00f1adi\u00f3 que su obra incorpora testimonios tanto de hombres como de mujeres para ofrecer una visi\u00f3n detallada y un an\u00e1lisis sobre qu\u00e9 aspectos de las cuotas de g\u00e9nero podr\u00edan mejorarse, incluyendo la evaluaci\u00f3n del desempe\u00f1o de las mujeres que se encuentran en cargos p\u00fablicos.<br><\/p>\n\n\n\n<p>Resalt\u00f3 que es importante que estas iniciativas alcancen a los grupos de mujeres afromexicanas, que viven en contextos rurales y mujeres ind\u00edgenas. Finalmente invit\u00f3 a las y los asistentes a consultar las publicaciones que se encuentran en el minisitio del CFDE, ya que estas son de consulta y descarga gratuita.<br><\/p>\n\n\n\n<p>Como comentarista del libro, la Consejera Electoral del Instituto Nacional Electoral (INE) Rita Bell L\u00f3pez Vences, enfatiz\u00f3 la necesidad de abordar la diversidad de desigualdades que enfrentan las mujeres en los puestos de poder. Destac\u00f3 la importancia de analizar los indicadores pertinentes para optimizar las acciones destinadas y buscar desmantelar el sistema sexista en dichos \u00e1mbitos.<br><\/p>\n\n\n\n<p>Lograr este cambio requiere una transformaci\u00f3n sistem\u00e1tica. No basta con la inclusi\u00f3n de las mujeres, sino que es necesario modificar las estructuras, las instituciones y las din\u00e1micas de poder existentes, subray\u00f3 la Consejera.<br><\/p>\n\n\n\n<p>Tambi\u00e9n estuvieron presentes las Consejeras Electorales: Laura Daniella Dur\u00e1n Ceja; Paula Melgarejo Salgado; Patricia Lozano Sanabria y Karina Ivonne Vaquera Montoya; la Subjefa Acad\u00e9mica del CFDE, F\u00e1tima Pichardo Mendoza y p\u00fablico en general.<br><\/p>\n\n\n\n<p>Cabe se\u00f1alar que el IEEM particip\u00f3 en la 45\u00ba FILPM con un stand en las instalaciones de este espacio literario y acad\u00e9mico en el que se obsequiaron las publicaciones editadas por el \u00f3rgano electoral y en el que las y los asistentes pudieron participar en actividades de promoci\u00f3n de la cultura pol\u00edtica-democr\u00e1tica, as\u00ed como de participaci\u00f3n ciudadana.<\/p>\n","protected":false},"excerpt":{"rendered":"<p>El libro se encuentra disponible para consulta y descarga en el minisitio del CFDE: https:\/\/www.ieem.org.mx\/cefode\/home.html. \u201c\u00bfA qu\u00e9 nos referimos con resignificar los espacios paritarios?\u201d, es una obra editada por el Instituto Electoral del Estado de M\u00e9xico (IEEM), escrita por B\u00e1rbara Mel\u00e9ndez S\u00e1nchez, que ofrece un an\u00e1lisis sobre el alcance y el prop\u00f3sito de la participaci\u00f3n [&hellip;]<\/p>\n","protected":false},"author":1,"featured_media":48684,"comment_status":"closed","ping_status":"closed","sticky":false,"template":"","format":"standard","meta":{"footnotes":""},"categories":[30,36],"tags":[],"class_list":["post-48683","post","type-post","status-publish","format-standard","has-post-thumbnail","hentry","category-destacado","category-edomex"],"_links":{"self":[{"href":"https:\/\/elinformante.mx\/index.php?rest_route=\/wp\/v2\/posts\/48683","targetHints":{"allow":["GET"]}}],"collection":[{"href":"https:\/\/elinformante.mx\/index.php?rest_route=\/wp\/v2\/posts"}],"about":[{"href":"https:\/\/elinformante.mx\/index.php?rest_route=\/wp\/v2\/types\/post"}],"author":[{"embeddable":true,"href":"https:\/\/elinformante.mx\/index.php?rest_route=\/wp\/v2\/users\/1"}],"replies":[{"embeddable":true,"href":"https:\/\/elinformante.mx\/index.php?rest_route=%2Fwp%2Fv2%2Fcomments&post=48683"}],"version-history":[{"count":0,"href":"https:\/\/elinformante.mx\/index.php?rest_route=\/wp\/v2\/posts\/48683\/revisions"}],"wp:featuredmedia":[{"embeddable":true,"href":"https:\/\/elinformante.mx\/index.php?rest_route=\/wp\/v2\/media\/48684"}],"wp:attachment":[{"href":"https:\/\/elinformante.mx\/index.php?rest_route=%2Fwp%2Fv2%2Fmedia&parent=48683"}],"wp:term":[{"taxonomy":"category","embeddable":true,"href":"https:\/\/elinformante.mx\/index.php?rest_route=%2Fwp%2Fv2%2Fcategories&post=48683"},{"taxonomy":"post_tag","embeddable":true,"href":"https:\/\/elinformante.mx\/index.php?rest_route=%2Fwp%2Fv2%2Ftags&post=48683"}],"curies":[{"name":"wp","href":"https:\/\/api.w.org\/{rel}","templated":true}]}}