{"id":48697,"date":"2024-03-04T06:59:58","date_gmt":"2024-03-04T12:59:58","guid":{"rendered":"https:\/\/elinformante.mx\/?p=48697"},"modified":"2024-03-04T07:00:00","modified_gmt":"2024-03-04T13:00:00","slug":"uaemex-la-mejor-universidad-publica-de-mexico-barrera-diaz","status":"publish","type":"post","link":"https:\/\/elinformante.mx\/?p=48697","title":{"rendered":"UAEM\u00e9x, la mejor universidad p\u00fablica de M\u00e9xico: Barrera D\u00edaz"},"content":{"rendered":"\n<blockquote class=\"wp-block-quote is-layout-flow wp-block-quote-is-layout-flow\">\n<p>El rector Carlos Eduardo Barrera D\u00edaz dio lectura al tercer informe anual de actividades de la Administraci\u00f3n 2021-2025 de la UAEM\u00e9x.<\/p>\n<\/blockquote>\n\n\n\n<p>Como desde sus or\u00edgenes en 1828, la comunidad de la Universidad Aut\u00f3noma del Estado de M\u00e9xico (UAEM\u00e9x) se distingue por su trabajo cotidiano y claridad de ideas, lo que ha dado como resultado contar con la instituci\u00f3n de educaci\u00f3n superior, orgullosamente p\u00fablica, m\u00e1s reconocida del pa\u00eds, asever\u00f3, en representaci\u00f3n de la gobernadora mexiquense, Delfina G\u00f3mez \u00c1lvarez, el secretario de Educaci\u00f3n, Ciencia, Tecnolog\u00eda e Innovaci\u00f3n, Miguel \u00c1ngel Hern\u00e1ndez Espejel.<br><\/p>\n\n\n\n<p>Durante la lectura del tercer informe anual de actividades de la Administraci\u00f3n 2021-2025 de la UAEM\u00e9x, a cargo del rector Carlos Eduardo Barrera D\u00edaz, el servidor p\u00fablico puntualiz\u00f3 que en la actualidad es imposible pensar al Estado de M\u00e9xico y al pa\u00eds sin la M\u00e1xima Casa de Estudios mexiquense.<br><\/p>\n\n\n\n<figure class=\"wp-block-image size-large\"><img fetchpriority=\"high\" decoding=\"async\" width=\"1024\" height=\"503\" src=\"https:\/\/elinformante.mx\/wp-content\/uploads\/2024\/03\/UAEMEX-LA-5-1024x503.jpg\" alt=\"\" class=\"wp-image-48699\" srcset=\"https:\/\/elinformante.mx\/wp-content\/uploads\/2024\/03\/UAEMEX-LA-5-1024x503.jpg 1024w, https:\/\/elinformante.mx\/wp-content\/uploads\/2024\/03\/UAEMEX-LA-5-300x147.jpg 300w, https:\/\/elinformante.mx\/wp-content\/uploads\/2024\/03\/UAEMEX-LA-5-768x377.jpg 768w, https:\/\/elinformante.mx\/wp-content\/uploads\/2024\/03\/UAEMEX-LA-5-580x285.jpg 580w, https:\/\/elinformante.mx\/wp-content\/uploads\/2024\/03\/UAEMEX-LA-5-860x422.jpg 860w, https:\/\/elinformante.mx\/wp-content\/uploads\/2024\/03\/UAEMEX-LA-5.jpg 1140w\" sizes=\"(max-width: 1024px) 100vw, 1024px\" \/><\/figure>\n\n\n\n<p>En el Patio del Centenario del Edificio de Rector\u00eda, donde se dio cita directora General de Educaci\u00f3n Superior Universitaria e Intercultural de la Secretar\u00eda de Educaci\u00f3n P\u00fablica federal, Carmen Enedina Rodr\u00edguez Armenta, resalt\u00f3 que la naturaleza liberal del Estado de M\u00e9xico no es gratuita, ya que es la huella que el Instituto Literario, antecedente de la Aut\u00f3noma mexiquense, le otorg\u00f3 a la entidad desde sus or\u00edgenes.<br><\/p>\n\n\n\n<p>Finalmente, Miguel \u00c1ngel Hern\u00e1ndez Espejel felicit\u00f3 a la comunidad universitaria con motivo del 196 aniversario de la UAEM\u00e9x y por un a\u00f1o de esfuerzo incansable, laborioso, y con logros evidentes e indiscutibles, dando rostro al Estado de M\u00e9xico como desde 1828.<br><\/p>\n\n\n\n<p>Carlos Eduardo Barrera D\u00edaz asever\u00f3 que la Universidad Aut\u00f3noma del Estado de M\u00e9xico es una instituci\u00f3n en constante desarrollo y crecimiento, din\u00e1mica que se ve impulsada por una comunidad de mujeres y hombres con un permanente esp\u00edritu de superaci\u00f3n que la consolida como ejemplo para la entidad mexiquense.<br><\/p>\n\n\n\n<figure class=\"wp-block-image size-large\"><img decoding=\"async\" width=\"1024\" height=\"503\" src=\"https:\/\/elinformante.mx\/wp-content\/uploads\/2024\/03\/UAEMEX-LA-1024x503.jpg\" alt=\"\" class=\"wp-image-48700\" srcset=\"https:\/\/elinformante.mx\/wp-content\/uploads\/2024\/03\/UAEMEX-LA-1024x503.jpg 1024w, https:\/\/elinformante.mx\/wp-content\/uploads\/2024\/03\/UAEMEX-LA-300x147.jpg 300w, https:\/\/elinformante.mx\/wp-content\/uploads\/2024\/03\/UAEMEX-LA-768x377.jpg 768w, https:\/\/elinformante.mx\/wp-content\/uploads\/2024\/03\/UAEMEX-LA-580x285.jpg 580w, https:\/\/elinformante.mx\/wp-content\/uploads\/2024\/03\/UAEMEX-LA-860x422.jpg 860w, https:\/\/elinformante.mx\/wp-content\/uploads\/2024\/03\/UAEMEX-LA.jpg 1140w\" sizes=\"(max-width: 1024px) 100vw, 1024px\" \/><\/figure>\n\n\n\n<p>\u201cAgradezco profundamente el trabajo de todas y todos en la UAEM\u00e9x. Reconozco su enorme aporte y, sobre todo, destaco su apego a los valores institucionales de esfuerzo, democracia, equidad e inclusi\u00f3n, as\u00ed como el impulso a la labor educativa, la convicci\u00f3n en el desarrollo basado en la creaci\u00f3n de nuevos conocimientos y su aplicaci\u00f3n, en la formaci\u00f3n de un criterio sensible y cr\u00edtico a trav\u00e9s de la cultura y las artes, as\u00ed como la cercan\u00eda a la sociedad a la que nos debemos y la labor de extensi\u00f3n que realizamos\u201d, dijo.<br><\/p>\n\n\n\n<p>El rector inform\u00f3 que durante 2023 la UAEM\u00e9x alcanz\u00f3 una matr\u00edcula hist\u00f3rica superior a los 96 mil estudiantes: 23 mil 233 de bachillerato, 68 mil 426 de estudios profesionales y 4 mil 348 de estudios avanzados.<br><\/p>\n\n\n\n<p>De igual manera, subray\u00f3, la instituci\u00f3n reafirm\u00f3 su calidad educativa y se coloc\u00f3 nuevamente en el primer lugar entre las Universidades P\u00fablicas Estatales del pa\u00eds, de acuerdo con THE Latin America University Rankings.<br><\/p>\n\n\n\n<figure class=\"wp-block-image size-large\"><img decoding=\"async\" width=\"1024\" height=\"503\" src=\"https:\/\/elinformante.mx\/wp-content\/uploads\/2024\/03\/UAEMEX-LA-4-1024x503.jpg\" alt=\"\" class=\"wp-image-48701\" srcset=\"https:\/\/elinformante.mx\/wp-content\/uploads\/2024\/03\/UAEMEX-LA-4-1024x503.jpg 1024w, https:\/\/elinformante.mx\/wp-content\/uploads\/2024\/03\/UAEMEX-LA-4-300x147.jpg 300w, https:\/\/elinformante.mx\/wp-content\/uploads\/2024\/03\/UAEMEX-LA-4-768x377.jpg 768w, https:\/\/elinformante.mx\/wp-content\/uploads\/2024\/03\/UAEMEX-LA-4-580x285.jpg 580w, https:\/\/elinformante.mx\/wp-content\/uploads\/2024\/03\/UAEMEX-LA-4-860x422.jpg 860w, https:\/\/elinformante.mx\/wp-content\/uploads\/2024\/03\/UAEMEX-LA-4.jpg 1140w\" sizes=\"(max-width: 1024px) 100vw, 1024px\" \/><\/figure>\n\n\n\n<p>Enfatiz\u00f3 que para confirmar el principio institucional de gesti\u00f3n financiera responsable, durante 2023 la instituci\u00f3n liquid\u00f3 la deuda hist\u00f3rica que ten\u00eda con el ISSEMyM.<br><\/p>\n\n\n\n<p>Puntualiz\u00f3 que el desarrollo cient\u00edfico de las y los investigadores auriverdes ha estado a la altura de las aspiraciones institucionales y su labor se ve ratificada por la incorporaci\u00f3n al Sistema Nacional de Investigadoras e Investigadores (SNII). Como resultado de la convocatoria 2023, dijo, se contabilizaron 821 investigadores en el Sistema, lo que signific\u00f3 un incremento de 113 por ciento con respecto a 2013.<br><\/p>\n\n\n\n<p>Asimismo, Carlos Eduardo Barrera D\u00edaz se\u00f1al\u00f3 que la Auditor\u00eda Superior de la Federaci\u00f3n calific\u00f3 a la UAEM\u00e9x con 96 puntos y la reconoci\u00f3, por segundo a\u00f1o consecutivo, con el Informe de Cero Observaciones Econ\u00f3micas Correspondientes a la Cuenta de la Hacienda P\u00fablica Federal.<\/p>\n\n\n\n<figure class=\"wp-block-image size-large\"><img loading=\"lazy\" decoding=\"async\" width=\"1024\" height=\"503\" src=\"https:\/\/elinformante.mx\/wp-content\/uploads\/2024\/03\/UAEMEX-LA-3-1024x503.jpg\" alt=\"\" class=\"wp-image-48702\" srcset=\"https:\/\/elinformante.mx\/wp-content\/uploads\/2024\/03\/UAEMEX-LA-3-1024x503.jpg 1024w, https:\/\/elinformante.mx\/wp-content\/uploads\/2024\/03\/UAEMEX-LA-3-300x147.jpg 300w, https:\/\/elinformante.mx\/wp-content\/uploads\/2024\/03\/UAEMEX-LA-3-768x377.jpg 768w, https:\/\/elinformante.mx\/wp-content\/uploads\/2024\/03\/UAEMEX-LA-3-580x285.jpg 580w, https:\/\/elinformante.mx\/wp-content\/uploads\/2024\/03\/UAEMEX-LA-3-860x422.jpg 860w, https:\/\/elinformante.mx\/wp-content\/uploads\/2024\/03\/UAEMEX-LA-3.jpg 1140w\" sizes=\"(max-width: 1024px) 100vw, 1024px\" \/><\/figure>\n","protected":false},"excerpt":{"rendered":"<p>El rector Carlos Eduardo Barrera D\u00edaz dio lectura al tercer informe anual de actividades de la Administraci\u00f3n 2021-2025 de la UAEM\u00e9x. Como desde sus or\u00edgenes en 1828, la comunidad de la Universidad Aut\u00f3noma del Estado de M\u00e9xico (UAEM\u00e9x) se distingue por su trabajo cotidiano y claridad de ideas, lo que ha dado como resultado contar [&hellip;]<\/p>\n","protected":false},"author":1,"featured_media":48698,"comment_status":"closed","ping_status":"closed","sticky":false,"template":"","format":"standard","meta":{"footnotes":""},"categories":[30,36,31],"tags":[],"class_list":["post-48697","post","type-post","status-publish","format-standard","has-post-thumbnail","hentry","category-destacado","category-edomex","category-portada"],"_links":{"self":[{"href":"https:\/\/elinformante.mx\/index.php?rest_route=\/wp\/v2\/posts\/48697","targetHints":{"allow":["GET"]}}],"collection":[{"href":"https:\/\/elinformante.mx\/index.php?rest_route=\/wp\/v2\/posts"}],"about":[{"href":"https:\/\/elinformante.mx\/index.php?rest_route=\/wp\/v2\/types\/post"}],"author":[{"embeddable":true,"href":"https:\/\/elinformante.mx\/index.php?rest_route=\/wp\/v2\/users\/1"}],"replies":[{"embeddable":true,"href":"https:\/\/elinformante.mx\/index.php?rest_route=%2Fwp%2Fv2%2Fcomments&post=48697"}],"version-history":[{"count":0,"href":"https:\/\/elinformante.mx\/index.php?rest_route=\/wp\/v2\/posts\/48697\/revisions"}],"wp:featuredmedia":[{"embeddable":true,"href":"https:\/\/elinformante.mx\/index.php?rest_route=\/wp\/v2\/media\/48698"}],"wp:attachment":[{"href":"https:\/\/elinformante.mx\/index.php?rest_route=%2Fwp%2Fv2%2Fmedia&parent=48697"}],"wp:term":[{"taxonomy":"category","embeddable":true,"href":"https:\/\/elinformante.mx\/index.php?rest_route=%2Fwp%2Fv2%2Fcategories&post=48697"},{"taxonomy":"post_tag","embeddable":true,"href":"https:\/\/elinformante.mx\/index.php?rest_route=%2Fwp%2Fv2%2Ftags&post=48697"}],"curies":[{"name":"wp","href":"https:\/\/api.w.org\/{rel}","templated":true}]}}