{"id":48738,"date":"2024-03-04T07:34:09","date_gmt":"2024-03-04T13:34:09","guid":{"rendered":"https:\/\/elinformante.mx\/?p=48738"},"modified":"2024-03-04T07:34:10","modified_gmt":"2024-03-04T13:34:10","slug":"xochitl-galvez-se-reune-con-priistas-del-estado-de-mexico","status":"publish","type":"post","link":"https:\/\/elinformante.mx\/?p=48738","title":{"rendered":"X\u00f3chitl G\u00e1lvez se re\u00fane con pri\u00edstas del Estado de M\u00e9xico"},"content":{"rendered":"\n<blockquote class=\"wp-block-quote is-layout-flow wp-block-quote-is-layout-flow\">\n<p>La aspirante a la Presidencia pidi\u00f3 un M\u00e9xico \u201csin miedo\u201d que no acepte el pago de derecho de piso.<\/p>\n<\/blockquote>\n\n\n\n<p>X\u00f3chitl G\u00e1lvez Ru\u00edz, en el marco de su tercer d\u00eda de campa\u00f1a, se reuni\u00f3 con simpatizantes tricolores en la sede estatal del PRI, localizada en la capital mexiquense.<br><\/p>\n\n\n\n<p>Arropada por varios pri\u00edstas reconocidos, X\u00f3chitl G\u00e1lvez emiti\u00f3 un mensaje a sus simpatizantes en la sede del Comit\u00e9 Directivo Estatal del tricolor, a los cuales inform\u00f3 que trabaja 18 horas al d\u00eda para obtener el triunfo el pr\u00f3ximo 2 de junio.<br><\/p>\n\n\n\n<p>En su mensaje, destac\u00f3 su intenci\u00f3n de cuidar a los j\u00f3venes y a las mujeres, lo cual ser\u00e1 la prioridad de la pol\u00edtica de seguridad en el gobierno que encabezar\u00e1.<br><\/p>\n\n\n\n<p>Indic\u00f3 que ella inici\u00f3 su campa\u00f1a en Zacatecas, en el lugar donde m\u00e1s miedo tiene la gente y desde ah\u00ed enarbol\u00f3 una bandera que busca equidad, congruencia y determinaci\u00f3n para erradicar los yerros que han hundido a M\u00e9xico.<br><\/p>\n\n\n\n<p>G\u00e1lvez Ru\u00edz dijo que, en el caso de los elementos polic\u00edacos, su compromiso ser\u00e1 que cuenten con salario digno, becas para sus hijos, prestaciones sociales, lo que llam\u00f3 un piso m\u00ednimo para cumplir con ellos y para que cuenten con alicientes para el desarrollo de su trabajo.<br><\/p>\n\n\n\n<figure class=\"wp-block-image size-large\"><img fetchpriority=\"high\" decoding=\"async\" width=\"1024\" height=\"503\" src=\"https:\/\/elinformante.mx\/wp-content\/uploads\/2024\/03\/XOCHITL-GALVEZ-2-1024x503.jpg\" alt=\"\" class=\"wp-image-48740\" srcset=\"https:\/\/elinformante.mx\/wp-content\/uploads\/2024\/03\/XOCHITL-GALVEZ-2-1024x503.jpg 1024w, https:\/\/elinformante.mx\/wp-content\/uploads\/2024\/03\/XOCHITL-GALVEZ-2-300x147.jpg 300w, https:\/\/elinformante.mx\/wp-content\/uploads\/2024\/03\/XOCHITL-GALVEZ-2-768x377.jpg 768w, https:\/\/elinformante.mx\/wp-content\/uploads\/2024\/03\/XOCHITL-GALVEZ-2-580x285.jpg 580w, https:\/\/elinformante.mx\/wp-content\/uploads\/2024\/03\/XOCHITL-GALVEZ-2-860x422.jpg 860w, https:\/\/elinformante.mx\/wp-content\/uploads\/2024\/03\/XOCHITL-GALVEZ-2.jpg 1140w\" sizes=\"(max-width: 1024px) 100vw, 1024px\" \/><\/figure>\n\n\n\n<p>Adem\u00e1s dijo que se har\u00e1 una guardia que s\u00ed ser\u00e1 guardia y nacional, con el doble de elementos, que aplicar\u00e1 la ley en las carreteras y contar\u00e1 con las herramientas legales para que sean aliados de la sociedad.<br><\/p>\n\n\n\n<p>Sobre las c\u00e1rceles, dijo que si bien a muchos no les gusta el tema considera que los delincuentes deber\u00e1n pagar lo que hacer y que ya basta de andar consecuentando a los que delinquen.<br><\/p>\n\n\n\n<p>Asimismo, sostuvo que se recuperar\u00e1 el honor del Ej\u00e9rcito, que en el actual sexenio ha estado ocupado en tareas que no le corresponden.<br><\/p>\n\n\n\n<p>Tambi\u00e9n dijo que va a ocuparse de las v\u00edctimas y ejemplific\u00f3 que una parte de ello ser\u00e1 apoyar econ\u00f3micamente a los ni\u00f1os que perdieron a sus padres.<br><\/p>\n\n\n\n<p>X\u00f3chitl G\u00e1lvez asegur\u00f3 que ella va a hablar con la verdad, que ya basta de mentiras y que la administraci\u00f3n que pretende encabezar ser\u00e1 eficiente y eficaz.<br><\/p>\n\n\n\n<p>El dirigente nacional del PRI, Alejandro Moreno, se\u00f1al\u00f3 en su intervenci\u00f3n que el PRI leal se encuentra en el Estado de M\u00e9xico por lo que confi\u00f3 en ganar la pr\u00f3xima elecci\u00f3n ya que \u201cMorena es una desgracia para M\u00e9xico\u201d.<\/p>\n","protected":false},"excerpt":{"rendered":"<p>La aspirante a la Presidencia pidi\u00f3 un M\u00e9xico \u201csin miedo\u201d que no acepte el pago de derecho de piso. X\u00f3chitl G\u00e1lvez Ru\u00edz, en el marco de su tercer d\u00eda de campa\u00f1a, se reuni\u00f3 con simpatizantes tricolores en la sede estatal del PRI, localizada en la capital mexiquense. Arropada por varios pri\u00edstas reconocidos, X\u00f3chitl G\u00e1lvez emiti\u00f3 [&hellip;]<\/p>\n","protected":false},"author":1,"featured_media":48739,"comment_status":"closed","ping_status":"closed","sticky":false,"template":"","format":"standard","meta":{"footnotes":""},"categories":[36],"tags":[],"class_list":["post-48738","post","type-post","status-publish","format-standard","has-post-thumbnail","hentry","category-edomex"],"_links":{"self":[{"href":"https:\/\/elinformante.mx\/index.php?rest_route=\/wp\/v2\/posts\/48738","targetHints":{"allow":["GET"]}}],"collection":[{"href":"https:\/\/elinformante.mx\/index.php?rest_route=\/wp\/v2\/posts"}],"about":[{"href":"https:\/\/elinformante.mx\/index.php?rest_route=\/wp\/v2\/types\/post"}],"author":[{"embeddable":true,"href":"https:\/\/elinformante.mx\/index.php?rest_route=\/wp\/v2\/users\/1"}],"replies":[{"embeddable":true,"href":"https:\/\/elinformante.mx\/index.php?rest_route=%2Fwp%2Fv2%2Fcomments&post=48738"}],"version-history":[{"count":0,"href":"https:\/\/elinformante.mx\/index.php?rest_route=\/wp\/v2\/posts\/48738\/revisions"}],"wp:featuredmedia":[{"embeddable":true,"href":"https:\/\/elinformante.mx\/index.php?rest_route=\/wp\/v2\/media\/48739"}],"wp:attachment":[{"href":"https:\/\/elinformante.mx\/index.php?rest_route=%2Fwp%2Fv2%2Fmedia&parent=48738"}],"wp:term":[{"taxonomy":"category","embeddable":true,"href":"https:\/\/elinformante.mx\/index.php?rest_route=%2Fwp%2Fv2%2Fcategories&post=48738"},{"taxonomy":"post_tag","embeddable":true,"href":"https:\/\/elinformante.mx\/index.php?rest_route=%2Fwp%2Fv2%2Ftags&post=48738"}],"curies":[{"name":"wp","href":"https:\/\/api.w.org\/{rel}","templated":true}]}}