{"id":48755,"date":"2024-03-04T08:05:32","date_gmt":"2024-03-04T14:05:32","guid":{"rendered":"https:\/\/elinformante.mx\/?p=48755"},"modified":"2024-03-04T08:05:33","modified_gmt":"2024-03-04T14:05:33","slug":"cdmx-activa-alerta-amarilla-por-calor-extremo-en-varias-alcaldias","status":"publish","type":"post","link":"https:\/\/elinformante.mx\/?p=48755","title":{"rendered":"CDMX activa alerta amarilla por calor extremo en varias alcald\u00edas"},"content":{"rendered":"\n<blockquote class=\"wp-block-quote is-layout-flow wp-block-quote-is-layout-flow\">\n<p>La Secretar\u00eda de Gesti\u00f3n Integral recomend\u00f3 no exponerse a los rayos del sol por tiempo prolongado<\/p>\n<\/blockquote>\n\n\n\n<p>Pese a la presencia del Frente Fr\u00edo N\u00famero 39 en el norte del pa\u00eds, registrada por el Servicio Meteorol\u00f3gico Nacional (SMN), las altas temperaturas ya han sido notables en la Ciudad de M\u00e9xico. Con la proximidad del inicio de la primavera, el fr\u00edo en la capital del pa\u00eds ha sido menos frecuente a diferencia de los estados del norte.<br><\/p>\n\n\n\n<p>Ante este panorama la Secretar\u00eda de Gesti\u00f3n Integral de Riesgos y Protecci\u00f3n Civil (SGIRPC) ha iniciado con las alertas tempranas ante los pron\u00f3sticos de clima que tiene la CDMX, as\u00ed que para la tarde del lunes 4 de marzo se activar\u00e1 la alerta amarilla por altas temperaturas en algunas alcald\u00edas.<br><\/p>\n\n\n\n<p>Por medio de redes sociales las autoridades advirtieron a la poblaci\u00f3n sobre las condiciones de calor que se prev\u00e9n en la CDMX, y es que, debido a que a\u00fan no inicia la temporada primaveral, estos cambios en la temperatura son apenas el inicio de lo que se calcula sea una fuerte temporada de calor por las extremas temperaturas que se esperan este a\u00f1o.<br><\/p>\n\n\n\n<p>\u201cSe activa Alerta Amarilla por pron\u00f3stico de Temperaturas Altas para la tarde de ma\u00f1ana lunes 04\/03\/2024, fue el mensaje que redactaron en sus redes sociales la noche de este domingo 3 de marzo.<br><\/p>\n\n\n\n<p>Y es que, para la tarde de este lunes 4 de marzo en la CDMX se prev\u00e9n temperaturas entre los 28 a 30 grados, en donde el punto m\u00e1s \u00e1lgido ser\u00e1 al mediod\u00eda, ya que a partir de ese horario la temperatura incrementar\u00e1 y se mantendr\u00e1 hasta las 17:00 horas, por lo que pidieron a la poblaci\u00f3n extremar precauciones, en especial si saldr\u00e1n a la calle.<br><\/p>\n\n\n\n<p>De acuerdo con las autoridades de Protecci\u00f3n Civil de la CDMX ser\u00e1n 12 alcald\u00edas las que estar\u00e1n en alerta por las altas temperaturas, la m\u00e1xima se prev\u00e9 es de 30 grados Celsius, por lo que sugirieron a la poblaci\u00f3n protegerse de los rayos del sol.<br><\/p>\n\n\n\n<p>Estas son las alcald\u00edas afectadas por las altas temperaturas para el 4 de marzo: \u00c1lvaro Obreg\u00f3n, Azcapotzalco,<br><\/p>\n\n\n\n<p>Benito Ju\u00e1rez, Coyoac\u00e1n, Cuauht\u00e9moc, Gustavo A. Madero, IztacalcoIztapalapa, Miguel Hidalgo, Tl\u00e1huac, Venustiano Carranza y Xochimilco<br><\/p>\n\n\n\n<p>Esta condici\u00f3n de calor extremo en la CDMX ser\u00e1 notoria a partir de las 13:00 horas hasta las 17:00 horas del 4 de marzo. Por lo que las autoridades sugirieron mantenerse a la sombra durante ese horario y no exponerse a los rayos de sol.<\/p>\n","protected":false},"excerpt":{"rendered":"<p>La Secretar\u00eda de Gesti\u00f3n Integral recomend\u00f3 no exponerse a los rayos del sol por tiempo prolongado Pese a la presencia del Frente Fr\u00edo N\u00famero 39 en el norte del pa\u00eds, registrada por el Servicio Meteorol\u00f3gico Nacional (SMN), las altas temperaturas ya han sido notables en la Ciudad de M\u00e9xico. Con la proximidad del inicio de [&hellip;]<\/p>\n","protected":false},"author":1,"featured_media":48756,"comment_status":"closed","ping_status":"closed","sticky":false,"template":"","format":"standard","meta":{"footnotes":""},"categories":[35],"tags":[],"class_list":["post-48755","post","type-post","status-publish","format-standard","has-post-thumbnail","hentry","category-cdmx"],"_links":{"self":[{"href":"https:\/\/elinformante.mx\/index.php?rest_route=\/wp\/v2\/posts\/48755","targetHints":{"allow":["GET"]}}],"collection":[{"href":"https:\/\/elinformante.mx\/index.php?rest_route=\/wp\/v2\/posts"}],"about":[{"href":"https:\/\/elinformante.mx\/index.php?rest_route=\/wp\/v2\/types\/post"}],"author":[{"embeddable":true,"href":"https:\/\/elinformante.mx\/index.php?rest_route=\/wp\/v2\/users\/1"}],"replies":[{"embeddable":true,"href":"https:\/\/elinformante.mx\/index.php?rest_route=%2Fwp%2Fv2%2Fcomments&post=48755"}],"version-history":[{"count":0,"href":"https:\/\/elinformante.mx\/index.php?rest_route=\/wp\/v2\/posts\/48755\/revisions"}],"wp:featuredmedia":[{"embeddable":true,"href":"https:\/\/elinformante.mx\/index.php?rest_route=\/wp\/v2\/media\/48756"}],"wp:attachment":[{"href":"https:\/\/elinformante.mx\/index.php?rest_route=%2Fwp%2Fv2%2Fmedia&parent=48755"}],"wp:term":[{"taxonomy":"category","embeddable":true,"href":"https:\/\/elinformante.mx\/index.php?rest_route=%2Fwp%2Fv2%2Fcategories&post=48755"},{"taxonomy":"post_tag","embeddable":true,"href":"https:\/\/elinformante.mx\/index.php?rest_route=%2Fwp%2Fv2%2Ftags&post=48755"}],"curies":[{"name":"wp","href":"https:\/\/api.w.org\/{rel}","templated":true}]}}