{"id":49001,"date":"2024-03-07T05:38:27","date_gmt":"2024-03-07T11:38:27","guid":{"rendered":"https:\/\/elinformante.mx\/?p=49001"},"modified":"2024-03-07T05:38:28","modified_gmt":"2024-03-07T11:38:28","slug":"carlo-ancelotti-en-la-picota-del-escarnio","status":"publish","type":"post","link":"https:\/\/elinformante.mx\/?p=49001","title":{"rendered":"Carlo Ancelotti en la \u201cpicota del escarnio\u201d"},"content":{"rendered":"\n<blockquote class=\"wp-block-quote is-layout-flow wp-block-quote-is-layout-flow\">\n<p>La Fiscal\u00eda de Madrid pide 4 a\u00f1os y 9 meses de c\u00e1rcel para t\u00e9cnico del Real Madrid por supuesto fraude a Hacienda.<\/p>\n<\/blockquote>\n\n\n\n<p>La Fiscal\u00eda de Madrid solicita cuatro a\u00f1os y nueve meses de c\u00e1rcel para el t\u00e9cnico del Real Madrid, Carlo Ancelotti, por supuestamente haber defraudado a Hacienda m\u00e1s de un mill\u00f3n de euros en los ejercicios fiscales de 2014 (386 mil 361 euros) y 2015 (675 mil 718 euros).<br><\/p>\n\n\n\n<p>La Fiscal\u00eda imputa al entrenador del Real Madrid dos delitos contra la Hacienda P\u00fablica, ya que a pesar de que Ancelotti afirm\u00f3 que era residente en Espa\u00f1a y reflej\u00f3 que su domicilio estaba en Madrid, solo consign\u00f3 en sus declaraciones de la renta las retribuciones de trabajo personal percibidas del club madridista y omiti\u00f3 el rendimiento correspondiente a la explotaci\u00f3n de sus derechos de imagen que hab\u00eda cedido a otras entidades.<br><\/p>\n\n\n\n<p>En su escrito, el Ministerio P\u00fablico subraya que con el fin de eludir la tributaci\u00f3n por los rendimientos de dichos derechos de imagen, tanto los recibidos por el Real Madrid como de otras marcas por eventos varios, el t\u00e9cnico acudi\u00f3 a un complejo y confuso entramado de fideicomisos y sociedades interpuestas para canalizar el cobro de los derechos de imagen.<br><\/p>\n\n\n\n<p>Relata que Ancelotti firm\u00f3 el 4 de julio de 2013 un contrato como entrenador del Real Madrid hasta el 30 de junio de 2016, por el que cobrar\u00eda rendimientos de trabajo y rendimientos derivados de la cesi\u00f3n de los derechos de imagen al club. El contrato ces\u00f3 en mayo de 2015, pero Ancelotti sigui\u00f3 viviendo en Madrid hasta finales de ese a\u00f1o.<br><\/p>\n\n\n\n<p>La Fiscal\u00eda sostiene que con el fin de eludir la tributaci\u00f3n por los rendimientos de dichos derechos de imagen, el t\u00e9cnico acudi\u00f3 a un complejo y confuso entramado de fideicomisos y sociedades interpuestas, de manera que simul\u00f3 la cesi\u00f3n de sus derechos de imagen a entidades carentes de actividad real y de capacidad de explotaci\u00f3n que estaban domiciliadas fuera de Espa\u00f1a.<br><\/p>\n\n\n\n<p>Para la Fiscal\u00eda, el t\u00e9cnico madridista persegu\u00eda la opacidad de cara a la Hacienda P\u00fablica espa\u00f1ola y la ocultaci\u00f3n del beneficiario real de los rendimientos procedentes de sus derechos de imagen, de manera que ni \u00e9l mismo ni ninguna de dichas sociedades tuviesen que tributar por las cuantiosas cantidades percibidas en Espa\u00f1a o fuera de nuestro pa\u00eds.<br><\/p>\n\n\n\n<p>Detalla que Ancelotti firm\u00f3 el 1 de julio de 2013 un contrato privado en el que ced\u00eda sus derechos de imagen a la entidad Vapia Limited por un periodo de diez a\u00f1os y un precio de 25 millones de euros. \u00c9l era el apoderado y gestionaba los derechos. M\u00e1s tarde se formaliz\u00f3 un anexo a este acuerdo que modificaba el plazo a solo tres a\u00f1os y el precio de compraventa de los derechos de imagen a un mill\u00f3n de euros.<br><\/p>\n\n\n\n<p>Asimismo, el 4 de julio de 2013, y de forma paralela a su firma como entrenador del Real Madrid, se otorg\u00f3 al acusado un contrato privado con el club en el que ced\u00eda el 50 por ciento de sus derechos de imagen a la entidad deportiva, mientras que el otro 50 por ciento lo ten\u00eda una sociedad \u201cinnominada\u201d y \u201cno determinada\u201d que actu\u00f3 en su nombre.<br><\/p>\n\n\n\n<p>Dicha sociedad result\u00f3 ser Vapia LLP, domiciliada en Londres, y no la citada Vapia Limited, que es una sociedad constituida en Islas V\u00edrgenes, circunstancia que no se comunic\u00f3 al Real Madrid hasta un a\u00f1o despu\u00e9s.<br><\/p>\n\n\n\n<p>Ancelotti present\u00f3 sus declaraciones correspondientes al IRPF, pero omitiendo todo rendimiento correspondiente a la explotaci\u00f3n de sus derechos de imagen (\u2026) llegando de esta forma a declaraciones con cuotas negativas, con un saldo negativo de 39.575 euros en el ejercicio de 2014 y de 529 mil 76 de 2015, cantidades que le fueron devueltas por la Agencia Tributaria en ambos casos.<br><\/p>\n\n\n\n<p>La Fiscal\u00eda precisa que los rendimientos derivados de la cesi\u00f3n de los derechos de imagen supusieron unos ingresos de un mill\u00f3n 249 mil 590 euros en 2014 y de 2 millones 959 mil 768 en 2015, adem\u00e1s, de omitir en sus declaraciones la titularidad en propiedad de dos inmuebles en el extranjero.<\/p>\n","protected":false},"excerpt":{"rendered":"<p>La Fiscal\u00eda de Madrid pide 4 a\u00f1os y 9 meses de c\u00e1rcel para t\u00e9cnico del Real Madrid por supuesto fraude a Hacienda. La Fiscal\u00eda de Madrid solicita cuatro a\u00f1os y nueve meses de c\u00e1rcel para el t\u00e9cnico del Real Madrid, Carlo Ancelotti, por supuestamente haber defraudado a Hacienda m\u00e1s de un mill\u00f3n de euros en [&hellip;]<\/p>\n","protected":false},"author":1,"featured_media":49002,"comment_status":"closed","ping_status":"closed","sticky":false,"template":"","format":"standard","meta":{"footnotes":""},"categories":[38,30],"tags":[],"class_list":["post-49001","post","type-post","status-publish","format-standard","has-post-thumbnail","hentry","category-deportes","category-destacado"],"_links":{"self":[{"href":"https:\/\/elinformante.mx\/index.php?rest_route=\/wp\/v2\/posts\/49001","targetHints":{"allow":["GET"]}}],"collection":[{"href":"https:\/\/elinformante.mx\/index.php?rest_route=\/wp\/v2\/posts"}],"about":[{"href":"https:\/\/elinformante.mx\/index.php?rest_route=\/wp\/v2\/types\/post"}],"author":[{"embeddable":true,"href":"https:\/\/elinformante.mx\/index.php?rest_route=\/wp\/v2\/users\/1"}],"replies":[{"embeddable":true,"href":"https:\/\/elinformante.mx\/index.php?rest_route=%2Fwp%2Fv2%2Fcomments&post=49001"}],"version-history":[{"count":0,"href":"https:\/\/elinformante.mx\/index.php?rest_route=\/wp\/v2\/posts\/49001\/revisions"}],"wp:featuredmedia":[{"embeddable":true,"href":"https:\/\/elinformante.mx\/index.php?rest_route=\/wp\/v2\/media\/49002"}],"wp:attachment":[{"href":"https:\/\/elinformante.mx\/index.php?rest_route=%2Fwp%2Fv2%2Fmedia&parent=49001"}],"wp:term":[{"taxonomy":"category","embeddable":true,"href":"https:\/\/elinformante.mx\/index.php?rest_route=%2Fwp%2Fv2%2Fcategories&post=49001"},{"taxonomy":"post_tag","embeddable":true,"href":"https:\/\/elinformante.mx\/index.php?rest_route=%2Fwp%2Fv2%2Ftags&post=49001"}],"curies":[{"name":"wp","href":"https:\/\/api.w.org\/{rel}","templated":true}]}}