{"id":49004,"date":"2024-03-07T05:41:47","date_gmt":"2024-03-07T11:41:47","guid":{"rendered":"https:\/\/elinformante.mx\/?p=49004"},"modified":"2024-03-07T05:41:48","modified_gmt":"2024-03-07T11:41:48","slug":"los-extorsionadores-no-se-han-ido-de-la-terminal-de-toluca","status":"publish","type":"post","link":"https:\/\/elinformante.mx\/?p=49004","title":{"rendered":"Los extorsionadores no se han ido de la Terminal de Toluca"},"content":{"rendered":"\n<blockquote class=\"wp-block-quote is-layout-flow wp-block-quote-is-layout-flow\">\n<p>Se ha identificado a un grupo delictivo que retorn\u00f3 a la zona luego de que se habl\u00f3 de un reforzamiento de la vigilancia.<\/p>\n<\/blockquote>\n\n\n\n<p>Los operativos que se han implementado en la zona de la Terminal de Toluca han sido insuficientes; el pasado 27 de enero se desarroll\u00f3 una redada que termin\u00f3 con la detenci\u00f3n de 50 personas, entre ellos algunos delincuentes, pero ello no bast\u00f3 para que arribaran a la zona m\u00e1s delincuentes.<br><\/p>\n\n\n\n<p>Se han dado a conocer una serie de testimonios como grabaciones y fotograf\u00edas, en los que se observa la manera en que los delincuentes hacen de las suyas a plena luz del d\u00eda.<br><\/p>\n\n\n\n<p>Se indica que los delincuentes aparentemente se pasean en motocicleta las mediaciones de la central camionera.<br><\/p>\n\n\n\n<p>Esta actividad ya hab\u00eda sido denunciada en ocasiones anteriores, por parte de los empresarios comerciantes de la zona que han decidido exhibir los abusos de los que son objeto.<br><\/p>\n\n\n\n<p>Al respecto, Mayra Gonz\u00e1lez Lujano, Gerente de la Terminal Toluca, dio a conocer que algunos delincuentes ya han sido detenidos y otros siguen en la impunidad.<br><\/p>\n\n\n\n<p>\u201cMuchos como saben tienen \u00f3rdenes de aprehensi\u00f3n, es una pareja, desconocemos a ciencia cierta c\u00f3mo es el tema de c\u00f3mo opera porque pues est\u00e1n bien anteponer nuestra seguridad, hemos tratado de preguntarle a los ambulantes c\u00f3mo funciona, cu\u00e1nto les cobran, en qu\u00e9 horarios pasan\u201d, dijo.<br><\/p>\n\n\n\n<p>La representante indic\u00f3 que el arma m\u00e1s poderosa que tienen la denuncia, por lo que llam\u00f3 a los afectados a dar cuenta a las autoridades sobre este tipo de casos.<\/p>\n","protected":false},"excerpt":{"rendered":"<p>Se ha identificado a un grupo delictivo que retorn\u00f3 a la zona luego de que se habl\u00f3 de un reforzamiento de la vigilancia. Los operativos que se han implementado en la zona de la Terminal de Toluca han sido insuficientes; el pasado 27 de enero se desarroll\u00f3 una redada que termin\u00f3 con la detenci\u00f3n de [&hellip;]<\/p>\n","protected":false},"author":1,"featured_media":49005,"comment_status":"closed","ping_status":"closed","sticky":false,"template":"","format":"standard","meta":{"footnotes":""},"categories":[36],"tags":[],"class_list":["post-49004","post","type-post","status-publish","format-standard","has-post-thumbnail","hentry","category-edomex"],"_links":{"self":[{"href":"https:\/\/elinformante.mx\/index.php?rest_route=\/wp\/v2\/posts\/49004","targetHints":{"allow":["GET"]}}],"collection":[{"href":"https:\/\/elinformante.mx\/index.php?rest_route=\/wp\/v2\/posts"}],"about":[{"href":"https:\/\/elinformante.mx\/index.php?rest_route=\/wp\/v2\/types\/post"}],"author":[{"embeddable":true,"href":"https:\/\/elinformante.mx\/index.php?rest_route=\/wp\/v2\/users\/1"}],"replies":[{"embeddable":true,"href":"https:\/\/elinformante.mx\/index.php?rest_route=%2Fwp%2Fv2%2Fcomments&post=49004"}],"version-history":[{"count":0,"href":"https:\/\/elinformante.mx\/index.php?rest_route=\/wp\/v2\/posts\/49004\/revisions"}],"wp:featuredmedia":[{"embeddable":true,"href":"https:\/\/elinformante.mx\/index.php?rest_route=\/wp\/v2\/media\/49005"}],"wp:attachment":[{"href":"https:\/\/elinformante.mx\/index.php?rest_route=%2Fwp%2Fv2%2Fmedia&parent=49004"}],"wp:term":[{"taxonomy":"category","embeddable":true,"href":"https:\/\/elinformante.mx\/index.php?rest_route=%2Fwp%2Fv2%2Fcategories&post=49004"},{"taxonomy":"post_tag","embeddable":true,"href":"https:\/\/elinformante.mx\/index.php?rest_route=%2Fwp%2Fv2%2Ftags&post=49004"}],"curies":[{"name":"wp","href":"https:\/\/api.w.org\/{rel}","templated":true}]}}