{"id":49021,"date":"2024-03-07T05:57:46","date_gmt":"2024-03-07T11:57:46","guid":{"rendered":"https:\/\/elinformante.mx\/?p=49021"},"modified":"2024-03-07T05:57:47","modified_gmt":"2024-03-07T11:57:47","slug":"aeropuerto-de-toluca-debe-brindar-servicios-de-calidad-delfina-gomez","status":"publish","type":"post","link":"https:\/\/elinformante.mx\/?p=49021","title":{"rendered":"Aeropuerto de Toluca debe brindar servicios de calidad: Delfina G\u00f3mez"},"content":{"rendered":"\n<blockquote class=\"wp-block-quote is-layout-flow wp-block-quote-is-layout-flow\">\n<p>El Gobierno del Estado de M\u00e9xico participa en la Primera Sesi\u00f3n de la Comisi\u00f3n Consultiva 2024 del Aeropuerto Internacional de Toluca.<\/p>\n<\/blockquote>\n\n\n\n<p>La gobernadora del Estado de M\u00e9xico, Delfina G\u00f3mez \u00c1lvarez, agradeci\u00f3 la confianza y del trabajo de quienes \u2013 dijo \u2013 \u201chan confiado en este aeropuerto; gracias por su compromiso, por su participaci\u00f3n, y creer que el proyecto es posible, por lo que los invit\u00f3 a continuar con la observancia de la Ley de Aeropuertos, y seguir con acciones que impulsar acciones que brinden un servicio de calidad, con estrategia de competitividad y promoci\u00f3n del aeropuerto en beneficio de los mexiquenses\u201d.<br><\/p>\n\n\n\n<p>Ello fue al participar en la Primera Sesi\u00f3n de la Comisi\u00f3n Consultiva 2024 del Aeropuerto Internacional de Toluca, donde invit\u00f3 a los integrantes de la misma a programar una reuni\u00f3n en el Palacio de gobierno estatal para abordar proyectos de su administraci\u00f3n.<br><\/p>\n\n\n\n<p>El Grupo Aeroportuario de la Ciudad de M\u00e9xico opera adem\u00e1s del Aeropuerto de Toluca, 8 aeropuertos en el pa\u00eds, por lo que, el prop\u00f3sito de estas mesas de trabajo es para que cumplan con normas internacionales y mejoren sus servicios.<br><\/p>\n\n\n\n<figure class=\"wp-block-image size-large\"><img fetchpriority=\"high\" decoding=\"async\" width=\"1024\" height=\"503\" src=\"https:\/\/elinformante.mx\/wp-content\/uploads\/2024\/03\/7DELFINA-3-1024x503.jpg\" alt=\"\" class=\"wp-image-49023\" srcset=\"https:\/\/elinformante.mx\/wp-content\/uploads\/2024\/03\/7DELFINA-3-1024x503.jpg 1024w, https:\/\/elinformante.mx\/wp-content\/uploads\/2024\/03\/7DELFINA-3-300x147.jpg 300w, https:\/\/elinformante.mx\/wp-content\/uploads\/2024\/03\/7DELFINA-3-768x377.jpg 768w, https:\/\/elinformante.mx\/wp-content\/uploads\/2024\/03\/7DELFINA-3-580x285.jpg 580w, https:\/\/elinformante.mx\/wp-content\/uploads\/2024\/03\/7DELFINA-3-860x422.jpg 860w, https:\/\/elinformante.mx\/wp-content\/uploads\/2024\/03\/7DELFINA-3.jpg 1140w\" sizes=\"(max-width: 1024px) 100vw, 1024px\" \/><\/figure>\n\n\n\n<p>Jos\u00e9 Carlos Vera Vidal, director general y administrador aeroportuario del AIT, se\u00f1al\u00f3 que el aeropuerto de la capital tiene como prop\u00f3sito contribuir a la poblaci\u00f3n de los recintos aeroportuarios, \u201cy con ello incidir y fortalecer el desarrollo econ\u00f3mico tur\u00edstico y cultural de la regi\u00f3n de manera segura sostenible y sustentable, alimentar un espacio de di\u00e1logo y participaci\u00f3n como representantes tanto del sector p\u00fablico como privado de la zona de influencia del aeropuerto\u201d.<br><\/p>\n\n\n\n<p>A corto, mediano y largo plazo, buscar\u00e1n mejoras mediante apoyos econ\u00f3micos, actualizaci\u00f3n de cobros y promoci\u00f3n de centros comerciales; la construcci\u00f3n de centros de mantenimiento; y desarrollar ciudades aeroportuarias.<br><\/p>\n\n\n\n<p>En la reuni\u00f3n realizada en las instalaciones del AIT, se inform\u00f3 que la terminal \u00e1rea es pieza estrat\u00e9gica dentro del Grupo Aeroportuario de la Ciudad de M\u00e9xico, de ah\u00ed la relevancia de su crecimiento, propiciando el desarrollo econ\u00f3mico y tur\u00edstico en particular para el Estado de M\u00e9xico.<br><\/p>\n\n\n\n<p>En un video proyectado esta sesi\u00f3n, se mostr\u00f3 el plan de negocios del Grupo Aeroportuario donde qued\u00f3 de manifiesto la necesidad de una nueva valoraci\u00f3n presupuestaria para atender las necesidades prioritarias de las terminales a\u00e9reas que conforman a este grupo durante 2024.<\/p>\n","protected":false},"excerpt":{"rendered":"<p>El Gobierno del Estado de M\u00e9xico participa en la Primera Sesi\u00f3n de la Comisi\u00f3n Consultiva 2024 del Aeropuerto Internacional de Toluca. La gobernadora del Estado de M\u00e9xico, Delfina G\u00f3mez \u00c1lvarez, agradeci\u00f3 la confianza y del trabajo de quienes \u2013 dijo \u2013 \u201chan confiado en este aeropuerto; gracias por su compromiso, por su participaci\u00f3n, y creer [&hellip;]<\/p>\n","protected":false},"author":1,"featured_media":49022,"comment_status":"closed","ping_status":"closed","sticky":false,"template":"","format":"standard","meta":{"footnotes":""},"categories":[30,36],"tags":[],"class_list":["post-49021","post","type-post","status-publish","format-standard","has-post-thumbnail","hentry","category-destacado","category-edomex"],"_links":{"self":[{"href":"https:\/\/elinformante.mx\/index.php?rest_route=\/wp\/v2\/posts\/49021","targetHints":{"allow":["GET"]}}],"collection":[{"href":"https:\/\/elinformante.mx\/index.php?rest_route=\/wp\/v2\/posts"}],"about":[{"href":"https:\/\/elinformante.mx\/index.php?rest_route=\/wp\/v2\/types\/post"}],"author":[{"embeddable":true,"href":"https:\/\/elinformante.mx\/index.php?rest_route=\/wp\/v2\/users\/1"}],"replies":[{"embeddable":true,"href":"https:\/\/elinformante.mx\/index.php?rest_route=%2Fwp%2Fv2%2Fcomments&post=49021"}],"version-history":[{"count":0,"href":"https:\/\/elinformante.mx\/index.php?rest_route=\/wp\/v2\/posts\/49021\/revisions"}],"wp:featuredmedia":[{"embeddable":true,"href":"https:\/\/elinformante.mx\/index.php?rest_route=\/wp\/v2\/media\/49022"}],"wp:attachment":[{"href":"https:\/\/elinformante.mx\/index.php?rest_route=%2Fwp%2Fv2%2Fmedia&parent=49021"}],"wp:term":[{"taxonomy":"category","embeddable":true,"href":"https:\/\/elinformante.mx\/index.php?rest_route=%2Fwp%2Fv2%2Fcategories&post=49021"},{"taxonomy":"post_tag","embeddable":true,"href":"https:\/\/elinformante.mx\/index.php?rest_route=%2Fwp%2Fv2%2Ftags&post=49021"}],"curies":[{"name":"wp","href":"https:\/\/api.w.org\/{rel}","templated":true}]}}