{"id":49039,"date":"2024-03-07T06:14:15","date_gmt":"2024-03-07T12:14:15","guid":{"rendered":"https:\/\/elinformante.mx\/?p=49039"},"modified":"2024-03-07T06:14:16","modified_gmt":"2024-03-07T12:14:16","slug":"condenan-a-555-anos-de-prision-a-sicario-que-participo-en-homicidio-de-policias-en-coatepec-harinas","status":"publish","type":"post","link":"https:\/\/elinformante.mx\/?p=49039","title":{"rendered":"Condenan a 555 a\u00f1os de prisi\u00f3n a sicario que particip\u00f3 en homicidio de polic\u00edas en Coatepec Harinas"},"content":{"rendered":"\n<blockquote class=\"wp-block-quote is-layout-flow wp-block-quote-is-layout-flow\">\n<p>Fue encontrado culpable de participar en la masacre a polic\u00edas que se registr\u00f3 en noviembre de 2021 en la carretera Texcaltitl\u00e1n-Coatepec Harinas.<\/p>\n<\/blockquote>\n\n\n\n<p>Un juez del Tribunal de Enjuiciamiento del Distrito Judicial de Tenango del Valle sentenci\u00f3 a V\u00edctor \u201cN\u201d a 555 a\u00f1os de prisi\u00f3n, por los delitos de homicidio y homicidio en grado de tentativa de 16 personas.<br><\/p>\n\n\n\n<p>En Audiencia de Continuaci\u00f3n de Juicio realizada este mi\u00e9rcoles, el juzgador impuso adem\u00e1s una multa por un total de 2.8 millones de pesos y reparaci\u00f3n del da\u00f1o moral de 1.2 millones de pesos en total.<br><\/p>\n\n\n\n<figure class=\"wp-block-image size-large\"><img fetchpriority=\"high\" decoding=\"async\" width=\"1024\" height=\"503\" src=\"https:\/\/elinformante.mx\/wp-content\/uploads\/2024\/03\/condenan-a4-1024x503.jpg\" alt=\"\" class=\"wp-image-49041\" srcset=\"https:\/\/elinformante.mx\/wp-content\/uploads\/2024\/03\/condenan-a4-1024x503.jpg 1024w, https:\/\/elinformante.mx\/wp-content\/uploads\/2024\/03\/condenan-a4-300x147.jpg 300w, https:\/\/elinformante.mx\/wp-content\/uploads\/2024\/03\/condenan-a4-768x377.jpg 768w, https:\/\/elinformante.mx\/wp-content\/uploads\/2024\/03\/condenan-a4-580x285.jpg 580w, https:\/\/elinformante.mx\/wp-content\/uploads\/2024\/03\/condenan-a4-860x422.jpg 860w, https:\/\/elinformante.mx\/wp-content\/uploads\/2024\/03\/condenan-a4.jpg 1140w\" sizes=\"(max-width: 1024px) 100vw, 1024px\" \/><\/figure>\n\n\n\n<p>V\u00edctor \u201cN\u201d, apodado \u201cEl Chester\u201d, era integrante de la Familia Michoacana y particip\u00f3 en la masacre de polic\u00edas de investigaci\u00f3n en el municipio de Coatepec Harinas , en 2021, cuando fueron emboscados y 13 uniformados perdieron la vida.<br><\/p>\n\n\n\n<p>En la carpeta de investigaci\u00f3n se detalla que los hechos ocurrieron el 4 de noviembre de 2021, cuando elementos de la Fiscal\u00eda General de Justicia del Estado de M\u00e9xico (FGJEM) realizaban un recorrido en la carretera Texcaltitl\u00e1n-Coatepec Harinas, en la comunidad Ojo de Agua, cuando 18 sicarios del grupo delictivo la Familia Michoacana los emboscaron.<br><\/p>\n\n\n\n<figure class=\"wp-block-image size-large\"><img decoding=\"async\" width=\"1024\" height=\"503\" src=\"https:\/\/elinformante.mx\/wp-content\/uploads\/2024\/03\/condenan-a5-1024x503.jpg\" alt=\"\" class=\"wp-image-49042\" srcset=\"https:\/\/elinformante.mx\/wp-content\/uploads\/2024\/03\/condenan-a5-1024x503.jpg 1024w, https:\/\/elinformante.mx\/wp-content\/uploads\/2024\/03\/condenan-a5-300x147.jpg 300w, https:\/\/elinformante.mx\/wp-content\/uploads\/2024\/03\/condenan-a5-768x377.jpg 768w, https:\/\/elinformante.mx\/wp-content\/uploads\/2024\/03\/condenan-a5-580x285.jpg 580w, https:\/\/elinformante.mx\/wp-content\/uploads\/2024\/03\/condenan-a5-860x422.jpg 860w, https:\/\/elinformante.mx\/wp-content\/uploads\/2024\/03\/condenan-a5.jpg 1140w\" sizes=\"(max-width: 1024px) 100vw, 1024px\" \/><\/figure>\n\n\n\n<p>La agresi\u00f3n dej\u00f3 tres elementos sin vida y 13 heridos.<br><\/p>\n\n\n\n<p>Tras las investigaciones, V\u00edctor \u201cN\u201d fue detenido como probable responsable y fue ingresado al Centro Penitenciario y de Reinserci\u00f3n Social de Tenango del Valle, en donde qued\u00f3 a disposici\u00f3n de la autoridad judicial.<br><\/p>\n\n\n\n<figure class=\"wp-block-image size-large\"><img decoding=\"async\" width=\"1024\" height=\"503\" src=\"https:\/\/elinformante.mx\/wp-content\/uploads\/2024\/03\/condenan-a3-1024x503.jpg\" alt=\"\" class=\"wp-image-49043\" srcset=\"https:\/\/elinformante.mx\/wp-content\/uploads\/2024\/03\/condenan-a3-1024x503.jpg 1024w, https:\/\/elinformante.mx\/wp-content\/uploads\/2024\/03\/condenan-a3-300x147.jpg 300w, https:\/\/elinformante.mx\/wp-content\/uploads\/2024\/03\/condenan-a3-768x377.jpg 768w, https:\/\/elinformante.mx\/wp-content\/uploads\/2024\/03\/condenan-a3-580x285.jpg 580w, https:\/\/elinformante.mx\/wp-content\/uploads\/2024\/03\/condenan-a3-860x422.jpg 860w, https:\/\/elinformante.mx\/wp-content\/uploads\/2024\/03\/condenan-a3.jpg 1140w\" sizes=\"(max-width: 1024px) 100vw, 1024px\" \/><\/figure>\n\n\n\n<p>Y fue este mi\u00e9rcoles, tras una audiencia, cuando un juez determin\u00f3 la condena contra el sicario por los delitos de homicidio e intento de homicidio con las agravantes de haberse cometido en contra de servidores p\u00fablicos de las instituciones de seguridad p\u00fablica, procuraci\u00f3n o administraci\u00f3n de justicia.<br><\/p>\n\n\n\n<p>Hay que mencionar que por la muerte de los agentes Pedro \u201cN\u201d, Germ\u00e1n \u201cN\u201d y Hugo \u201cN\u201d, el delincuente recibi\u00f3 una sentencia de 165 a\u00f1os de prisi\u00f3n, en tanto que por el intento de homicidio de 13 elementos recibi\u00f3 sentencia de 390 a\u00f1os de c\u00e1rcel.<\/p>\n\n\n\n<figure class=\"wp-block-image size-large\"><img loading=\"lazy\" decoding=\"async\" width=\"1024\" height=\"503\" src=\"https:\/\/elinformante.mx\/wp-content\/uploads\/2024\/03\/condenan-a-1024x503.jpg\" alt=\"\" class=\"wp-image-49044\" srcset=\"https:\/\/elinformante.mx\/wp-content\/uploads\/2024\/03\/condenan-a-1024x503.jpg 1024w, https:\/\/elinformante.mx\/wp-content\/uploads\/2024\/03\/condenan-a-300x147.jpg 300w, https:\/\/elinformante.mx\/wp-content\/uploads\/2024\/03\/condenan-a-768x377.jpg 768w, https:\/\/elinformante.mx\/wp-content\/uploads\/2024\/03\/condenan-a-580x285.jpg 580w, https:\/\/elinformante.mx\/wp-content\/uploads\/2024\/03\/condenan-a-860x422.jpg 860w, https:\/\/elinformante.mx\/wp-content\/uploads\/2024\/03\/condenan-a.jpg 1140w\" sizes=\"(max-width: 1024px) 100vw, 1024px\" \/><\/figure>\n","protected":false},"excerpt":{"rendered":"<p>Fue encontrado culpable de participar en la masacre a polic\u00edas que se registr\u00f3 en noviembre de 2021 en la carretera Texcaltitl\u00e1n-Coatepec Harinas. Un juez del Tribunal de Enjuiciamiento del Distrito Judicial de Tenango del Valle sentenci\u00f3 a V\u00edctor \u201cN\u201d a 555 a\u00f1os de prisi\u00f3n, por los delitos de homicidio y homicidio en grado de tentativa [&hellip;]<\/p>\n","protected":false},"author":1,"featured_media":49040,"comment_status":"closed","ping_status":"closed","sticky":false,"template":"","format":"standard","meta":{"footnotes":""},"categories":[30,36,31],"tags":[],"class_list":["post-49039","post","type-post","status-publish","format-standard","has-post-thumbnail","hentry","category-destacado","category-edomex","category-portada"],"_links":{"self":[{"href":"https:\/\/elinformante.mx\/index.php?rest_route=\/wp\/v2\/posts\/49039","targetHints":{"allow":["GET"]}}],"collection":[{"href":"https:\/\/elinformante.mx\/index.php?rest_route=\/wp\/v2\/posts"}],"about":[{"href":"https:\/\/elinformante.mx\/index.php?rest_route=\/wp\/v2\/types\/post"}],"author":[{"embeddable":true,"href":"https:\/\/elinformante.mx\/index.php?rest_route=\/wp\/v2\/users\/1"}],"replies":[{"embeddable":true,"href":"https:\/\/elinformante.mx\/index.php?rest_route=%2Fwp%2Fv2%2Fcomments&post=49039"}],"version-history":[{"count":0,"href":"https:\/\/elinformante.mx\/index.php?rest_route=\/wp\/v2\/posts\/49039\/revisions"}],"wp:featuredmedia":[{"embeddable":true,"href":"https:\/\/elinformante.mx\/index.php?rest_route=\/wp\/v2\/media\/49040"}],"wp:attachment":[{"href":"https:\/\/elinformante.mx\/index.php?rest_route=%2Fwp%2Fv2%2Fmedia&parent=49039"}],"wp:term":[{"taxonomy":"category","embeddable":true,"href":"https:\/\/elinformante.mx\/index.php?rest_route=%2Fwp%2Fv2%2Fcategories&post=49039"},{"taxonomy":"post_tag","embeddable":true,"href":"https:\/\/elinformante.mx\/index.php?rest_route=%2Fwp%2Fv2%2Ftags&post=49039"}],"curies":[{"name":"wp","href":"https:\/\/api.w.org\/{rel}","templated":true}]}}