{"id":49049,"date":"2024-03-07T06:20:29","date_gmt":"2024-03-07T12:20:29","guid":{"rendered":"https:\/\/elinformante.mx\/?p=49049"},"modified":"2024-03-07T06:20:30","modified_gmt":"2024-03-07T12:20:30","slug":"aprueban-reforma-para-sustituir-vehiculos-con-motor-de-combustion-por-hibridos-y-electricos","status":"publish","type":"post","link":"https:\/\/elinformante.mx\/?p=49049","title":{"rendered":"APRUEBAN REFORMA PARA SUSTITUIR VEH\u00cdCULOS CON MOTOR DE COMBUSTI\u00d3N POR H\u00cdBRIDOS Y EL\u00c9CTRICOS"},"content":{"rendered":"\n<blockquote class=\"wp-block-quote is-layout-flow wp-block-quote-is-layout-flow\">\n<p>El Pleno de la C\u00e1mara de Diputados aprob\u00f3 por unanimidad realizar cambios a la Ley General de Cambio Clim\u00e1tico en materia de veh\u00edculos h\u00edbridos y el\u00e9ctricos.<\/p>\n<\/blockquote>\n\n\n\n<p>El Pleno de la C\u00e1mara de Diputados aprob\u00f3 este mi\u00e9rcoles por unanimidad, con 423 votos, realizar cambios a la Ley General de Cambio Clim\u00e1tico en materia de veh\u00edculos h\u00edbridos y el\u00e9ctricos, con el prop\u00f3sito de reducir las emisiones de gases de efecto invernadero.<br><\/p>\n\n\n\n<figure class=\"wp-block-image size-large\"><img fetchpriority=\"high\" decoding=\"async\" width=\"1024\" height=\"503\" src=\"https:\/\/elinformante.mx\/wp-content\/uploads\/2024\/03\/aprueban-reforma-5-1024x503.jpg\" alt=\"\" class=\"wp-image-49051\" srcset=\"https:\/\/elinformante.mx\/wp-content\/uploads\/2024\/03\/aprueban-reforma-5-1024x503.jpg 1024w, https:\/\/elinformante.mx\/wp-content\/uploads\/2024\/03\/aprueban-reforma-5-300x147.jpg 300w, https:\/\/elinformante.mx\/wp-content\/uploads\/2024\/03\/aprueban-reforma-5-768x377.jpg 768w, https:\/\/elinformante.mx\/wp-content\/uploads\/2024\/03\/aprueban-reforma-5-580x285.jpg 580w, https:\/\/elinformante.mx\/wp-content\/uploads\/2024\/03\/aprueban-reforma-5-860x422.jpg 860w, https:\/\/elinformante.mx\/wp-content\/uploads\/2024\/03\/aprueban-reforma-5.jpg 1140w\" sizes=\"(max-width: 1024px) 100vw, 1024px\" \/><\/figure>\n\n\n\n<p>El dictamen establece que las dependencias y entidades de la Administraci\u00f3n P\u00fablica Federal, las entidades federativas y los municipios dise\u00f1ar\u00e1n e implementar\u00e1n programas para la sustituci\u00f3n gradual de veh\u00edculos con motor de combusti\u00f3n por veh\u00edculos h\u00edbridos y el\u00e9ctricos.<br><\/p>\n\n\n\n<p>La diputada del Verde Ecologista, Adriana Guadalupe Esquinca G\u00f3mez, dijo que los efectos del cambio clim\u00e1tico son inelegibles y una de las tareas m\u00e1s importantes para combatirlo es reducir las emisiones de gases de efecto invernadero, a trav\u00e9s de una movilidad m\u00e1s limpia y eficiente.<br><\/p>\n\n\n\n<figure class=\"wp-block-image size-large\"><img decoding=\"async\" width=\"1024\" height=\"503\" src=\"https:\/\/elinformante.mx\/wp-content\/uploads\/2024\/03\/aprueban-reforma-4-1024x503.jpg\" alt=\"\" class=\"wp-image-49052\" srcset=\"https:\/\/elinformante.mx\/wp-content\/uploads\/2024\/03\/aprueban-reforma-4-1024x503.jpg 1024w, https:\/\/elinformante.mx\/wp-content\/uploads\/2024\/03\/aprueban-reforma-4-300x147.jpg 300w, https:\/\/elinformante.mx\/wp-content\/uploads\/2024\/03\/aprueban-reforma-4-768x377.jpg 768w, https:\/\/elinformante.mx\/wp-content\/uploads\/2024\/03\/aprueban-reforma-4-580x285.jpg 580w, https:\/\/elinformante.mx\/wp-content\/uploads\/2024\/03\/aprueban-reforma-4-860x422.jpg 860w, https:\/\/elinformante.mx\/wp-content\/uploads\/2024\/03\/aprueban-reforma-4.jpg 1140w\" sizes=\"(max-width: 1024px) 100vw, 1024px\" \/><\/figure>\n\n\n\n<p>Agreg\u00f3 que los veh\u00edculos h\u00edbridos y el\u00e9ctricos representan una oportunidad para reducir la dependencia de los combustibles f\u00f3siles, disminuir la contaminaci\u00f3n del aire y contribuir a la mitigaci\u00f3n del cambio clim\u00e1tico.<br><\/p>\n\n\n\n<p>Observ\u00f3 que cumplir con el objetivo de transitar hacia el uso de estos veh\u00edculos debe ser un trabajo compartido. Afirm\u00f3 que es crucial entender que la adopci\u00f3n masiva de este transporte no solo es deseable, sino tambi\u00e9n es necesaria para garantizar un futuro pr\u00f3spero y sostenible.<br><\/p>\n\n\n\n<figure class=\"wp-block-image size-large\"><img decoding=\"async\" width=\"1024\" height=\"503\" src=\"https:\/\/elinformante.mx\/wp-content\/uploads\/2024\/03\/aprueban-reforma-3-1024x503.jpg\" alt=\"\" class=\"wp-image-49053\" srcset=\"https:\/\/elinformante.mx\/wp-content\/uploads\/2024\/03\/aprueban-reforma-3-1024x503.jpg 1024w, https:\/\/elinformante.mx\/wp-content\/uploads\/2024\/03\/aprueban-reforma-3-300x147.jpg 300w, https:\/\/elinformante.mx\/wp-content\/uploads\/2024\/03\/aprueban-reforma-3-768x377.jpg 768w, https:\/\/elinformante.mx\/wp-content\/uploads\/2024\/03\/aprueban-reforma-3-580x285.jpg 580w, https:\/\/elinformante.mx\/wp-content\/uploads\/2024\/03\/aprueban-reforma-3-860x422.jpg 860w, https:\/\/elinformante.mx\/wp-content\/uploads\/2024\/03\/aprueban-reforma-3.jpg 1140w\" sizes=\"(max-width: 1024px) 100vw, 1024px\" \/><\/figure>\n\n\n\n<p>\u201cLograrlo representa una oportunidad \u00fanica para transformar nuestra forma de movernos y construir un futuro m\u00e1s limpio, seguro y sostenible. El momento para actuar es ahora, necesitamos adoptar tecnolog\u00edas m\u00e1s limpias y eficientes para el transporte\u201d, indic\u00f3.<br><\/p>\n\n\n\n<p>En su oportunidad, el diputado de Morena, \u00c1ngel Dom\u00ednguez Escobar, dijo que el sector del transporte es esencial para la econom\u00eda y la vida cotidiana, pero tambi\u00e9n uno de los mayores causantes de la crisis clim\u00e1tica que se enfrenta.<\/p>\n\n\n\n<figure class=\"wp-block-image size-large\"><img loading=\"lazy\" decoding=\"async\" width=\"1024\" height=\"503\" src=\"https:\/\/elinformante.mx\/wp-content\/uploads\/2024\/03\/aprueban-reforma-2-1024x503.jpg\" alt=\"\" class=\"wp-image-49054\" srcset=\"https:\/\/elinformante.mx\/wp-content\/uploads\/2024\/03\/aprueban-reforma-2-1024x503.jpg 1024w, https:\/\/elinformante.mx\/wp-content\/uploads\/2024\/03\/aprueban-reforma-2-300x147.jpg 300w, https:\/\/elinformante.mx\/wp-content\/uploads\/2024\/03\/aprueban-reforma-2-768x377.jpg 768w, https:\/\/elinformante.mx\/wp-content\/uploads\/2024\/03\/aprueban-reforma-2-580x285.jpg 580w, https:\/\/elinformante.mx\/wp-content\/uploads\/2024\/03\/aprueban-reforma-2-860x422.jpg 860w, https:\/\/elinformante.mx\/wp-content\/uploads\/2024\/03\/aprueban-reforma-2.jpg 1140w\" sizes=\"(max-width: 1024px) 100vw, 1024px\" \/><\/figure>\n","protected":false},"excerpt":{"rendered":"<p>El Pleno de la C\u00e1mara de Diputados aprob\u00f3 por unanimidad realizar cambios a la Ley General de Cambio Clim\u00e1tico en materia de veh\u00edculos h\u00edbridos y el\u00e9ctricos. El Pleno de la C\u00e1mara de Diputados aprob\u00f3 este mi\u00e9rcoles por unanimidad, con 423 votos, realizar cambios a la Ley General de Cambio Clim\u00e1tico en materia de veh\u00edculos h\u00edbridos [&hellip;]<\/p>\n","protected":false},"author":1,"featured_media":49050,"comment_status":"closed","ping_status":"closed","sticky":false,"template":"","format":"standard","meta":{"footnotes":""},"categories":[30,34,31],"tags":[],"class_list":["post-49049","post","type-post","status-publish","format-standard","has-post-thumbnail","hentry","category-destacado","category-nacional","category-portada"],"_links":{"self":[{"href":"https:\/\/elinformante.mx\/index.php?rest_route=\/wp\/v2\/posts\/49049","targetHints":{"allow":["GET"]}}],"collection":[{"href":"https:\/\/elinformante.mx\/index.php?rest_route=\/wp\/v2\/posts"}],"about":[{"href":"https:\/\/elinformante.mx\/index.php?rest_route=\/wp\/v2\/types\/post"}],"author":[{"embeddable":true,"href":"https:\/\/elinformante.mx\/index.php?rest_route=\/wp\/v2\/users\/1"}],"replies":[{"embeddable":true,"href":"https:\/\/elinformante.mx\/index.php?rest_route=%2Fwp%2Fv2%2Fcomments&post=49049"}],"version-history":[{"count":0,"href":"https:\/\/elinformante.mx\/index.php?rest_route=\/wp\/v2\/posts\/49049\/revisions"}],"wp:featuredmedia":[{"embeddable":true,"href":"https:\/\/elinformante.mx\/index.php?rest_route=\/wp\/v2\/media\/49050"}],"wp:attachment":[{"href":"https:\/\/elinformante.mx\/index.php?rest_route=%2Fwp%2Fv2%2Fmedia&parent=49049"}],"wp:term":[{"taxonomy":"category","embeddable":true,"href":"https:\/\/elinformante.mx\/index.php?rest_route=%2Fwp%2Fv2%2Fcategories&post=49049"},{"taxonomy":"post_tag","embeddable":true,"href":"https:\/\/elinformante.mx\/index.php?rest_route=%2Fwp%2Fv2%2Ftags&post=49049"}],"curies":[{"name":"wp","href":"https:\/\/api.w.org\/{rel}","templated":true}]}}