{"id":49066,"date":"2024-03-07T06:42:43","date_gmt":"2024-03-07T12:42:43","guid":{"rendered":"https:\/\/elinformante.mx\/?p=49066"},"modified":"2024-03-07T06:43:36","modified_gmt":"2024-03-07T12:43:36","slug":"mato-a-su-pareja-y-por-ello-pasara-47-anos-en-la-presion","status":"publish","type":"post","link":"https:\/\/elinformante.mx\/?p=49066","title":{"rendered":"Mat\u00f3 a su pareja y por ello pasar\u00e1 47 a\u00f1os en la prisi\u00f3n"},"content":{"rendered":"\n<blockquote class=\"wp-block-quote is-layout-flow wp-block-quote-is-layout-flow\">\n<p>El il\u00edcito lo perpetr\u00f3 el 2 de junio de 2022 en la localidad de San Juan Tehuixtitl\u00e1n; d\u00edas despu\u00e9s fue detenido e ingresado a un Penal estatal.<\/p>\n<\/blockquote>\n\n\n\n<p>Un individuo identificado como Berty Guzm\u00e1n Machado fue sentenciado a 47 a\u00f1os y 6 meses de prisi\u00f3n, luego de que la Fiscal\u00eda General de Justicia estatal (FGJEM) acredit\u00f3 su intervenci\u00f3n en el delito de feminicidio en agravio de su pareja sentimental, en este municipio.<br><\/p>\n\n\n\n<p>La Autoridad Judicial con sede en Chalco revis\u00f3 las pruebas aportadas por el Agente del Ministerio P\u00fablico, por lo que emiti\u00f3 esta sentencia de condena para el acusado, adem\u00e1s le fij\u00f3 multa de 177 mil 790 pesos y la cantidad de 1 mill\u00f3n 15 mil 755 pesos como reparaci\u00f3n del da\u00f1o integral, adem\u00e1s de que por 5 a\u00f1os deber\u00e1 recibir tratamiento psicoterap\u00e9utico con perspectiva de g\u00e9nero.<br><\/p>\n\n\n\n<p>Indagatorias de la Fiscal\u00eda estatal precisaron que el 2 de junio de 2022 la v\u00edctima de 52 a\u00f1os se encontraba con el ahora sentenciado en un terreno de la localidad San Juan Tehuixtitl\u00e1n en Atlautla, donde en alg\u00fan momento este individuo agredi\u00f3 con un objeto punzocortante a esta mujer, ocasion\u00e1ndole la muerte.<br><\/p>\n\n\n\n<p>D\u00edas despu\u00e9s de perpetrado este feminicidio y con el avance en la investigaci\u00f3n, este individuo fue detenido en la colonia San Francisco Zentlalpan, en el municipio de Amecameca, por lo que Agentes de la Polic\u00eda de Investigaci\u00f3n lo ingresaron al Centro Penitenciario y de Reinserci\u00f3n Social de Chalco, a disposici\u00f3n de un Juez, quien tras proceso legal, le dict\u00f3 esta condena.<\/p>\n","protected":false},"excerpt":{"rendered":"<p>El il\u00edcito lo perpetr\u00f3 el 2 de junio de 2022 en la localidad de San Juan Tehuixtitl\u00e1n; d\u00edas despu\u00e9s fue detenido e ingresado a un Penal estatal. Un individuo identificado como Berty Guzm\u00e1n Machado fue sentenciado a 47 a\u00f1os y 6 meses de prisi\u00f3n, luego de que la Fiscal\u00eda General de Justicia estatal (FGJEM) acredit\u00f3 [&hellip;]<\/p>\n","protected":false},"author":1,"featured_media":49067,"comment_status":"closed","ping_status":"closed","sticky":false,"template":"","format":"standard","meta":{"footnotes":""},"categories":[36,37],"tags":[],"class_list":["post-49066","post","type-post","status-publish","format-standard","has-post-thumbnail","hentry","category-edomex","category-justicia"],"_links":{"self":[{"href":"https:\/\/elinformante.mx\/index.php?rest_route=\/wp\/v2\/posts\/49066","targetHints":{"allow":["GET"]}}],"collection":[{"href":"https:\/\/elinformante.mx\/index.php?rest_route=\/wp\/v2\/posts"}],"about":[{"href":"https:\/\/elinformante.mx\/index.php?rest_route=\/wp\/v2\/types\/post"}],"author":[{"embeddable":true,"href":"https:\/\/elinformante.mx\/index.php?rest_route=\/wp\/v2\/users\/1"}],"replies":[{"embeddable":true,"href":"https:\/\/elinformante.mx\/index.php?rest_route=%2Fwp%2Fv2%2Fcomments&post=49066"}],"version-history":[{"count":0,"href":"https:\/\/elinformante.mx\/index.php?rest_route=\/wp\/v2\/posts\/49066\/revisions"}],"wp:featuredmedia":[{"embeddable":true,"href":"https:\/\/elinformante.mx\/index.php?rest_route=\/wp\/v2\/media\/49067"}],"wp:attachment":[{"href":"https:\/\/elinformante.mx\/index.php?rest_route=%2Fwp%2Fv2%2Fmedia&parent=49066"}],"wp:term":[{"taxonomy":"category","embeddable":true,"href":"https:\/\/elinformante.mx\/index.php?rest_route=%2Fwp%2Fv2%2Fcategories&post=49066"},{"taxonomy":"post_tag","embeddable":true,"href":"https:\/\/elinformante.mx\/index.php?rest_route=%2Fwp%2Fv2%2Ftags&post=49066"}],"curies":[{"name":"wp","href":"https:\/\/api.w.org\/{rel}","templated":true}]}}